{"id":139,"date":"2021-10-26T11:18:16","date_gmt":"2021-10-26T11:18:16","guid":{"rendered":"https:\/\/fmdelpueblo.ar\/?p=139"},"modified":"2021-10-26T11:18:16","modified_gmt":"2021-10-26T11:18:16","slug":"captan-imagenes-de-uno-de-los-planetas-mas-jovenes-de-la-historia","status":"publish","type":"post","link":"http:\/\/fmdelpueblo.ar\/?p=139","title":{"rendered":"Captan im\u00e1genes de uno de los planetas m\u00e1s j\u00f3venes de la historia"},"content":{"rendered":"<\/p>\n<p>Se trata de 2M0437b, un exoplaneta que naci\u00f3 en la nube molecular de Tauro y es m\u00e1s grande que J\u00fapiter. Este descubrimiento permitir\u00e1 conocer m\u00e1s sobre la g\u00e9nesis planetaria y el sistema solar. <a href=\"https:\/\/www.perfil.com\/noticias\/ciencia\/captan-imagenes-de-uno-de-los-planetas-mas-jovenes-de-la-historia.phtml\">Leer m\u00e1s<\/a><\/p>\n","protected":false},"excerpt":{"rendered":"<p>Se trata de 2M0437b, un exoplaneta que naci\u00f3 en la nube molecular de Tauro y es m\u00e1s grande que J\u00fapiter. Este descubrimiento permitir\u00e1 conocer m\u00e1s sobre la g\u00e9nesis planetaria y el sistema solar. Leer m\u00e1s<\/p>\n","protected":false},"author":0,"featured_media":0,"comment_status":"","ping_status":"","sticky":false,"template":"","format":"standard","meta":{"footnotes":""},"categories":[1],"tags":[],"class_list":["post-139","post","type-post","status-publish","format-standard","hentry","category-sin-categoria"],"_links":{"self":[{"href":"http:\/\/fmdelpueblo.ar\/index.php?rest_route=\/wp\/v2\/posts\/139","targetHints":{"allow":["GET"]}}],"collection":[{"href":"http:\/\/fmdelpueblo.ar\/index.php?rest_route=\/wp\/v2\/posts"}],"about":[{"href":"http:\/\/fmdelpueblo.ar\/index.php?rest_route=\/wp\/v2\/types\/post"}],"replies":[{"embeddable":true,"href":"http:\/\/fmdelpueblo.ar\/index.php?rest_route=%2Fwp%2Fv2%2Fcomments&post=139"}],"version-history":[{"count":0,"href":"http:\/\/fmdelpueblo.ar\/index.php?rest_route=\/wp\/v2\/posts\/139\/revisions"}],"wp:attachment":[{"href":"http:\/\/fmdelpueblo.ar\/index.php?rest_route=%2Fwp%2Fv2%2Fmedia&parent=139"}],"wp:term":[{"taxonomy":"category","embeddable":true,"href":"http:\/\/fmdelpueblo.ar\/index.php?rest_route=%2Fwp%2Fv2%2Fcategories&post=139"},{"taxonomy":"post_tag","embeddable":true,"href":"http:\/\/fmdelpueblo.ar\/index.php?rest_route=%2Fwp%2Fv2%2Ftags&post=139"}],"curies":[{"name":"wp","href":"https:\/\/api.w.org\/{rel}","templated":true}]}}