{"id":138,"date":"2021-10-26T11:18:16","date_gmt":"2021-10-26T11:18:16","guid":{"rendered":"https:\/\/fmdelpueblo.ar\/?p=138"},"modified":"2021-10-26T11:18:16","modified_gmt":"2021-10-26T11:18:16","slug":"emilio-monzo-le-respondio-a-tolosa-paz-su-expresion-de-golpe-blando-me-parece-muy-grave-la-expresion","status":"publish","type":"post","link":"http:\/\/fmdelpueblo.ar\/?p=138","title":{"rendered":"Emilio Monz\u00f3 le respondi\u00f3 a Tolosa Paz su expresi\u00f3n de \u00abgolpe blando\u00bb: \u00abMe parece muy grave la expresi\u00f3n\u00bb"},"content":{"rendered":"<\/p>\n<p>El ex presidente de la C\u00e1mara de Diputados cuestion\u00f3 los dichos de la candidata del Frente de Todos y habl\u00f3 de Alberto Fern\u00e1ndez: \u00abMe preocupa la imagen de\u00a0un presidente tan desgastado\u00a0con dos a\u00f1os m\u00e1s de gobierno\u00bb. <a href=\"https:\/\/www.perfil.com\/noticias\/politica\/emilio-monzo-le-respondio-a-tolosa-paz-su-expresion-de-golpe-blando-me-parece-muy-grave-la-expresion.phtml\">Leer m\u00e1s<\/a><\/p>\n","protected":false},"excerpt":{"rendered":"<p>El ex presidente de la C\u00e1mara de Diputados cuestion\u00f3 los dichos de la candidata del Frente de Todos y habl\u00f3 de Alberto Fern\u00e1ndez: \u00abMe preocupa la imagen de\u00a0un presidente tan desgastado\u00a0con dos a\u00f1os m\u00e1s de gobierno\u00bb. Leer m\u00e1s<\/p>\n","protected":false},"author":0,"featured_media":0,"comment_status":"","ping_status":"","sticky":false,"template":"","format":"standard","meta":{"footnotes":""},"categories":[1],"tags":[],"class_list":["post-138","post","type-post","status-publish","format-standard","hentry","category-sin-categoria"],"_links":{"self":[{"href":"http:\/\/fmdelpueblo.ar\/index.php?rest_route=\/wp\/v2\/posts\/138","targetHints":{"allow":["GET"]}}],"collection":[{"href":"http:\/\/fmdelpueblo.ar\/index.php?rest_route=\/wp\/v2\/posts"}],"about":[{"href":"http:\/\/fmdelpueblo.ar\/index.php?rest_route=\/wp\/v2\/types\/post"}],"replies":[{"embeddable":true,"href":"http:\/\/fmdelpueblo.ar\/index.php?rest_route=%2Fwp%2Fv2%2Fcomments&post=138"}],"version-history":[{"count":0,"href":"http:\/\/fmdelpueblo.ar\/index.php?rest_route=\/wp\/v2\/posts\/138\/revisions"}],"wp:attachment":[{"href":"http:\/\/fmdelpueblo.ar\/index.php?rest_route=%2Fwp%2Fv2%2Fmedia&parent=138"}],"wp:term":[{"taxonomy":"category","embeddable":true,"href":"http:\/\/fmdelpueblo.ar\/index.php?rest_route=%2Fwp%2Fv2%2Fcategories&post=138"},{"taxonomy":"post_tag","embeddable":true,"href":"http:\/\/fmdelpueblo.ar\/index.php?rest_route=%2Fwp%2Fv2%2Ftags&post=138"}],"curies":[{"name":"wp","href":"https:\/\/api.w.org\/{rel}","templated":true}]}}