{"id":135,"date":"2021-10-26T04:09:34","date_gmt":"2021-10-26T04:09:34","guid":{"rendered":"https:\/\/fmdelpueblo.ar\/?p=135"},"modified":"2021-10-26T04:09:34","modified_gmt":"2021-10-26T04:09:34","slug":"jose-luis-espert-arremetio-contra-la-campora-es-una-mezcla-de-corruptos-y-analfabestias","status":"publish","type":"post","link":"http:\/\/fmdelpueblo.ar\/?p=135","title":{"rendered":"Jos\u00e9 Luis Espert arremeti\u00f3 contra La C\u00e1mpora: \u00abEs una mezcla de corruptos y analfabestias\u00bb"},"content":{"rendered":"<\/p>\n<p>El candidato a diputado nacional apunt\u00f3 tambi\u00e9n contra el secretario de Comercio Interior Roberto Feletti, a quien calific\u00f3 de \u00abin\u00fatil\u00bb y opin\u00f3 que \u00abdeber\u00eda dejar el cargo\u00bb.  <a href=\"https:\/\/www.perfil.com\/noticias\/politica\/jose-luis-espert-arremetio-contra-la-campora-es-una-mezcla-de-corruptos-y-analfabestias.phtml\">Leer m\u00e1s<\/a><\/p>\n","protected":false},"excerpt":{"rendered":"<p>El candidato a diputado nacional apunt\u00f3 tambi\u00e9n contra el secretario de Comercio Interior Roberto Feletti, a quien calific\u00f3 de \u00abin\u00fatil\u00bb y opin\u00f3 que \u00abdeber\u00eda dejar el cargo\u00bb. Leer m\u00e1s<\/p>\n","protected":false},"author":0,"featured_media":0,"comment_status":"","ping_status":"","sticky":false,"template":"","format":"standard","meta":{"footnotes":""},"categories":[1],"tags":[],"class_list":["post-135","post","type-post","status-publish","format-standard","hentry","category-sin-categoria"],"_links":{"self":[{"href":"http:\/\/fmdelpueblo.ar\/index.php?rest_route=\/wp\/v2\/posts\/135","targetHints":{"allow":["GET"]}}],"collection":[{"href":"http:\/\/fmdelpueblo.ar\/index.php?rest_route=\/wp\/v2\/posts"}],"about":[{"href":"http:\/\/fmdelpueblo.ar\/index.php?rest_route=\/wp\/v2\/types\/post"}],"replies":[{"embeddable":true,"href":"http:\/\/fmdelpueblo.ar\/index.php?rest_route=%2Fwp%2Fv2%2Fcomments&post=135"}],"version-history":[{"count":0,"href":"http:\/\/fmdelpueblo.ar\/index.php?rest_route=\/wp\/v2\/posts\/135\/revisions"}],"wp:attachment":[{"href":"http:\/\/fmdelpueblo.ar\/index.php?rest_route=%2Fwp%2Fv2%2Fmedia&parent=135"}],"wp:term":[{"taxonomy":"category","embeddable":true,"href":"http:\/\/fmdelpueblo.ar\/index.php?rest_route=%2Fwp%2Fv2%2Fcategories&post=135"},{"taxonomy":"post_tag","embeddable":true,"href":"http:\/\/fmdelpueblo.ar\/index.php?rest_route=%2Fwp%2Fv2%2Ftags&post=135"}],"curies":[{"name":"wp","href":"https:\/\/api.w.org\/{rel}","templated":true}]}}