{"id":134,"date":"2021-10-26T03:10:02","date_gmt":"2021-10-26T03:10:02","guid":{"rendered":"https:\/\/fmdelpueblo.ar\/?p=134"},"modified":"2021-10-26T03:10:02","modified_gmt":"2021-10-26T03:10:02","slug":"un-marinero-mato-al-capitan-y-al-primer-oficial-de-su-barco-en-un-presunto-brote-psicotico","status":"publish","type":"post","link":"http:\/\/fmdelpueblo.ar\/?p=134","title":{"rendered":"Un marinero mat\u00f3 al capit\u00e1n y al primer oficial de su barco en un presunto brote psic\u00f3tico"},"content":{"rendered":"<\/p>\n<p>El autor de los tiros qued\u00f3 detenido y la investigaci\u00f3n qued\u00f3 a cargo del Juzgado Federal N\u00b0 3 de La Plata, a cargo de Ernesto Kreplak, con la intervenci\u00f3n de Yamila Abdelcader ,de la secretar\u00eda N\u00b0 9. <a href=\"https:\/\/www.perfil.com\/noticias\/reperfilar\/un-marinero-mato-al-capitan-y-al-primer-oficial-de-su-barco-en-un-presunto-brote-psicotico.phtml\">Leer m\u00e1s<\/a><\/p>\n","protected":false},"excerpt":{"rendered":"<p>El autor de los tiros qued\u00f3 detenido y la investigaci\u00f3n qued\u00f3 a cargo del Juzgado Federal N\u00b0 3 de La Plata, a cargo de Ernesto Kreplak, con la intervenci\u00f3n de Yamila Abdelcader ,de la secretar\u00eda N\u00b0 9. Leer m\u00e1s<\/p>\n","protected":false},"author":0,"featured_media":0,"comment_status":"","ping_status":"","sticky":false,"template":"","format":"standard","meta":{"footnotes":""},"categories":[1],"tags":[],"class_list":["post-134","post","type-post","status-publish","format-standard","hentry","category-sin-categoria"],"_links":{"self":[{"href":"http:\/\/fmdelpueblo.ar\/index.php?rest_route=\/wp\/v2\/posts\/134","targetHints":{"allow":["GET"]}}],"collection":[{"href":"http:\/\/fmdelpueblo.ar\/index.php?rest_route=\/wp\/v2\/posts"}],"about":[{"href":"http:\/\/fmdelpueblo.ar\/index.php?rest_route=\/wp\/v2\/types\/post"}],"replies":[{"embeddable":true,"href":"http:\/\/fmdelpueblo.ar\/index.php?rest_route=%2Fwp%2Fv2%2Fcomments&post=134"}],"version-history":[{"count":0,"href":"http:\/\/fmdelpueblo.ar\/index.php?rest_route=\/wp\/v2\/posts\/134\/revisions"}],"wp:attachment":[{"href":"http:\/\/fmdelpueblo.ar\/index.php?rest_route=%2Fwp%2Fv2%2Fmedia&parent=134"}],"wp:term":[{"taxonomy":"category","embeddable":true,"href":"http:\/\/fmdelpueblo.ar\/index.php?rest_route=%2Fwp%2Fv2%2Fcategories&post=134"},{"taxonomy":"post_tag","embeddable":true,"href":"http:\/\/fmdelpueblo.ar\/index.php?rest_route=%2Fwp%2Fv2%2Ftags&post=134"}],"curies":[{"name":"wp","href":"https:\/\/api.w.org\/{rel}","templated":true}]}}