{"id":133,"date":"2021-10-26T03:10:02","date_gmt":"2021-10-26T03:10:02","guid":{"rendered":"https:\/\/fmdelpueblo.ar\/?p=133"},"modified":"2021-10-26T03:10:02","modified_gmt":"2021-10-26T03:10:02","slug":"comercio-internacional-problemas-en-el-pais-por-el-gran-faltante-de-containers","status":"publish","type":"post","link":"http:\/\/fmdelpueblo.ar\/?p=133","title":{"rendered":"Comercio internacional: problemas en el pa\u00eds por el gran faltante de containers"},"content":{"rendered":"<\/p>\n<p>Los costos de fletes aumentaron m\u00e1s de un 500% haciendo que el comercio exterior en el pa\u00eds sea cada vez m\u00e1s inaccesible. <a href=\"https:\/\/www.perfil.com\/noticias\/reperfilar\/comercio-internacional-problemas-en-el-pais-por-el-gran-faltante-de-containers.phtml\">Leer m\u00e1s<\/a><\/p>\n","protected":false},"excerpt":{"rendered":"<p>Los costos de fletes aumentaron m\u00e1s de un 500% haciendo que el comercio exterior en el pa\u00eds sea cada vez m\u00e1s inaccesible. Leer m\u00e1s<\/p>\n","protected":false},"author":0,"featured_media":0,"comment_status":"","ping_status":"","sticky":false,"template":"","format":"standard","meta":{"footnotes":""},"categories":[1],"tags":[],"class_list":["post-133","post","type-post","status-publish","format-standard","hentry","category-sin-categoria"],"_links":{"self":[{"href":"http:\/\/fmdelpueblo.ar\/index.php?rest_route=\/wp\/v2\/posts\/133","targetHints":{"allow":["GET"]}}],"collection":[{"href":"http:\/\/fmdelpueblo.ar\/index.php?rest_route=\/wp\/v2\/posts"}],"about":[{"href":"http:\/\/fmdelpueblo.ar\/index.php?rest_route=\/wp\/v2\/types\/post"}],"replies":[{"embeddable":true,"href":"http:\/\/fmdelpueblo.ar\/index.php?rest_route=%2Fwp%2Fv2%2Fcomments&post=133"}],"version-history":[{"count":0,"href":"http:\/\/fmdelpueblo.ar\/index.php?rest_route=\/wp\/v2\/posts\/133\/revisions"}],"wp:attachment":[{"href":"http:\/\/fmdelpueblo.ar\/index.php?rest_route=%2Fwp%2Fv2%2Fmedia&parent=133"}],"wp:term":[{"taxonomy":"category","embeddable":true,"href":"http:\/\/fmdelpueblo.ar\/index.php?rest_route=%2Fwp%2Fv2%2Fcategories&post=133"},{"taxonomy":"post_tag","embeddable":true,"href":"http:\/\/fmdelpueblo.ar\/index.php?rest_route=%2Fwp%2Fv2%2Ftags&post=133"}],"curies":[{"name":"wp","href":"https:\/\/api.w.org\/{rel}","templated":true}]}}