{"id":132,"date":"2021-10-26T03:10:02","date_gmt":"2021-10-26T03:10:02","guid":{"rendered":"https:\/\/fmdelpueblo.ar\/?p=132"},"modified":"2021-10-26T03:10:02","modified_gmt":"2021-10-26T03:10:02","slug":"por-el-rebrote-de-covid-19-en-italia-se-esta-inoculando-con-terceras-dosis","status":"publish","type":"post","link":"http:\/\/fmdelpueblo.ar\/?p=132","title":{"rendered":"Por el rebrote de Covid-19 en Italia se est\u00e1 inoculando con terceras dosis"},"content":{"rendered":"<\/p>\n<p>Asimismo, el periodista Guido Gassoli asegur\u00f3 que se est\u00e1n reforzando los controles con pasaporte sanitario en los pa\u00edses europeos. <a href=\"https:\/\/www.perfil.com\/noticias\/reperfilar\/gassoli-sobre-la-situacion-epidemiologica-en-italia-ya-se-esta-inoculando-con-terceras-dosis.phtml\">Leer m\u00e1s<\/a><\/p>\n","protected":false},"excerpt":{"rendered":"<p>Asimismo, el periodista Guido Gassoli asegur\u00f3 que se est\u00e1n reforzando los controles con pasaporte sanitario en los pa\u00edses europeos. Leer m\u00e1s<\/p>\n","protected":false},"author":0,"featured_media":0,"comment_status":"","ping_status":"","sticky":false,"template":"","format":"standard","meta":{"footnotes":""},"categories":[1],"tags":[],"class_list":["post-132","post","type-post","status-publish","format-standard","hentry","category-sin-categoria"],"_links":{"self":[{"href":"http:\/\/fmdelpueblo.ar\/index.php?rest_route=\/wp\/v2\/posts\/132","targetHints":{"allow":["GET"]}}],"collection":[{"href":"http:\/\/fmdelpueblo.ar\/index.php?rest_route=\/wp\/v2\/posts"}],"about":[{"href":"http:\/\/fmdelpueblo.ar\/index.php?rest_route=\/wp\/v2\/types\/post"}],"replies":[{"embeddable":true,"href":"http:\/\/fmdelpueblo.ar\/index.php?rest_route=%2Fwp%2Fv2%2Fcomments&post=132"}],"version-history":[{"count":0,"href":"http:\/\/fmdelpueblo.ar\/index.php?rest_route=\/wp\/v2\/posts\/132\/revisions"}],"wp:attachment":[{"href":"http:\/\/fmdelpueblo.ar\/index.php?rest_route=%2Fwp%2Fv2%2Fmedia&parent=132"}],"wp:term":[{"taxonomy":"category","embeddable":true,"href":"http:\/\/fmdelpueblo.ar\/index.php?rest_route=%2Fwp%2Fv2%2Fcategories&post=132"},{"taxonomy":"post_tag","embeddable":true,"href":"http:\/\/fmdelpueblo.ar\/index.php?rest_route=%2Fwp%2Fv2%2Ftags&post=132"}],"curies":[{"name":"wp","href":"https:\/\/api.w.org\/{rel}","templated":true}]}}