{"id":13110,"date":"2022-04-19T11:09:26","date_gmt":"2022-04-19T11:09:26","guid":{"rendered":"https:\/\/fmdelpueblo.ar\/?p=13110"},"modified":"2022-04-19T11:09:26","modified_gmt":"2022-04-19T11:09:26","slug":"el-levantamiento-del-gueto-de-varsovia-la-primera-rebelion-civil-urbana-en-la-europa-ocupada","status":"publish","type":"post","link":"http:\/\/fmdelpueblo.ar\/?p=13110","title":{"rendered":"El Levantamiento del Gueto\u00a0de Varsovia: \u00abLa primera rebeli\u00f3n civil urbana en la Europa ocupada\u00bb"},"content":{"rendered":"<\/p>\n<p>El d\u00eda de hoy tiene un nombre, fue consagrado por el Parlamento de Israel en 1951, seis a\u00f1os despu\u00e9s de finalizada la guerra. Se llama en hebreo\u00a0Iom Lashoa Velagvur\u00e1, D\u00eda de la Memoria del Holocausto y el Hero\u00edsmo. <a href=\"https:\/\/www.perfil.com\/noticias\/opinion\/claudio-avruj-el-levantamiento-del-gueto-de-varsovia-la-primera-rebelion-civil-urbana-en-la-europa-ocupada.phtml\">Leer m\u00e1s<\/a><\/p>\n","protected":false},"excerpt":{"rendered":"<p>El d\u00eda de hoy tiene un nombre, fue consagrado por el Parlamento de Israel en 1951, seis a\u00f1os despu\u00e9s de finalizada la guerra. Se llama en hebreo\u00a0Iom Lashoa Velagvur\u00e1, D\u00eda de la Memoria del Holocausto y el Hero\u00edsmo. Leer m\u00e1s<\/p>\n","protected":false},"author":0,"featured_media":0,"comment_status":"","ping_status":"","sticky":false,"template":"","format":"standard","meta":{"footnotes":""},"categories":[1],"tags":[],"class_list":["post-13110","post","type-post","status-publish","format-standard","hentry","category-sin-categoria"],"_links":{"self":[{"href":"http:\/\/fmdelpueblo.ar\/index.php?rest_route=\/wp\/v2\/posts\/13110","targetHints":{"allow":["GET"]}}],"collection":[{"href":"http:\/\/fmdelpueblo.ar\/index.php?rest_route=\/wp\/v2\/posts"}],"about":[{"href":"http:\/\/fmdelpueblo.ar\/index.php?rest_route=\/wp\/v2\/types\/post"}],"replies":[{"embeddable":true,"href":"http:\/\/fmdelpueblo.ar\/index.php?rest_route=%2Fwp%2Fv2%2Fcomments&post=13110"}],"version-history":[{"count":0,"href":"http:\/\/fmdelpueblo.ar\/index.php?rest_route=\/wp\/v2\/posts\/13110\/revisions"}],"wp:attachment":[{"href":"http:\/\/fmdelpueblo.ar\/index.php?rest_route=%2Fwp%2Fv2%2Fmedia&parent=13110"}],"wp:term":[{"taxonomy":"category","embeddable":true,"href":"http:\/\/fmdelpueblo.ar\/index.php?rest_route=%2Fwp%2Fv2%2Fcategories&post=13110"},{"taxonomy":"post_tag","embeddable":true,"href":"http:\/\/fmdelpueblo.ar\/index.php?rest_route=%2Fwp%2Fv2%2Ftags&post=13110"}],"curies":[{"name":"wp","href":"https:\/\/api.w.org\/{rel}","templated":true}]}}