{"id":13106,"date":"2022-04-19T11:09:25","date_gmt":"2022-04-19T11:09:25","guid":{"rendered":"https:\/\/fmdelpueblo.ar\/?p=13106"},"modified":"2022-04-19T11:09:25","modified_gmt":"2022-04-19T11:09:25","slug":"reconocimiento-facial-el-gobierno-de-larreta-sale-a-responderle-al-juez-gallardo","status":"publish","type":"post","link":"http:\/\/fmdelpueblo.ar\/?p=13106","title":{"rendered":"Reconocimiento facial: el gobierno de Larreta sale a responderle al juez Gallardo"},"content":{"rendered":"<\/p>\n<p>El jefe de Gabinete de la Ciudad, Felipe Miguel; el ministro de Gobierno, Jorge Macri, y el ministro de Justicia y Seguridad, Marcelo D\u00b4Alessandro brindar\u00e1n detalles sobre el accionar de la Ciudad con respecto a la resoluci\u00f3n del juez Gallardo y la suspensi\u00f3n del reconocimiento facial. <a href=\"https:\/\/www.perfil.com\/noticias\/actualidad\/reconocimiento-facial-el-gobierno-de-larreta-sale-a-responderle-al-juez-gallardo.phtml\">Leer m\u00e1s<\/a><\/p>\n","protected":false},"excerpt":{"rendered":"<p>El jefe de Gabinete de la Ciudad, Felipe Miguel; el ministro de Gobierno, Jorge Macri, y el ministro de Justicia y Seguridad, Marcelo D\u00b4Alessandro brindar\u00e1n detalles sobre el accionar de la Ciudad con respecto a la resoluci\u00f3n del juez Gallardo y la suspensi\u00f3n del reconocimiento facial. Leer m\u00e1s<\/p>\n","protected":false},"author":0,"featured_media":0,"comment_status":"","ping_status":"","sticky":false,"template":"","format":"standard","meta":{"footnotes":""},"categories":[1],"tags":[],"class_list":["post-13106","post","type-post","status-publish","format-standard","hentry","category-sin-categoria"],"_links":{"self":[{"href":"http:\/\/fmdelpueblo.ar\/index.php?rest_route=\/wp\/v2\/posts\/13106","targetHints":{"allow":["GET"]}}],"collection":[{"href":"http:\/\/fmdelpueblo.ar\/index.php?rest_route=\/wp\/v2\/posts"}],"about":[{"href":"http:\/\/fmdelpueblo.ar\/index.php?rest_route=\/wp\/v2\/types\/post"}],"replies":[{"embeddable":true,"href":"http:\/\/fmdelpueblo.ar\/index.php?rest_route=%2Fwp%2Fv2%2Fcomments&post=13106"}],"version-history":[{"count":0,"href":"http:\/\/fmdelpueblo.ar\/index.php?rest_route=\/wp\/v2\/posts\/13106\/revisions"}],"wp:attachment":[{"href":"http:\/\/fmdelpueblo.ar\/index.php?rest_route=%2Fwp%2Fv2%2Fmedia&parent=13106"}],"wp:term":[{"taxonomy":"category","embeddable":true,"href":"http:\/\/fmdelpueblo.ar\/index.php?rest_route=%2Fwp%2Fv2%2Fcategories&post=13106"},{"taxonomy":"post_tag","embeddable":true,"href":"http:\/\/fmdelpueblo.ar\/index.php?rest_route=%2Fwp%2Fv2%2Ftags&post=13106"}],"curies":[{"name":"wp","href":"https:\/\/api.w.org\/{rel}","templated":true}]}}