{"id":13101,"date":"2022-04-19T03:10:42","date_gmt":"2022-04-19T03:10:42","guid":{"rendered":"https:\/\/fmdelpueblo.ar\/?p=13101"},"modified":"2022-04-19T03:10:42","modified_gmt":"2022-04-19T03:10:42","slug":"el-gobierno-de-los-bonos-y-el-apriete-impositivo-el-rechazo-opositor-a-las-medidas-economicas","status":"publish","type":"post","link":"http:\/\/fmdelpueblo.ar\/?p=13101","title":{"rendered":"\u00abEl gobierno de los bonos y el apriete impositivo\u00bb, el rechazo opositor a las medidas econ\u00f3micas"},"content":{"rendered":"<\/p>\n<p>Los bonos y sobre todo el impuesto a las \u00abrentas inesperadas\u00bb gener\u00f3 fuertes cr\u00edticas de Juntos por el Cambio y los liberales. <a href=\"https:\/\/www.perfil.com\/noticias\/politica\/gobierno-de-bonos-apriete-impositivo-rechazo-opositor-medidas-economicas-renta-inesperada.phtml\">Leer m\u00e1s<\/a><\/p>\n","protected":false},"excerpt":{"rendered":"<p>Los bonos y sobre todo el impuesto a las \u00abrentas inesperadas\u00bb gener\u00f3 fuertes cr\u00edticas de Juntos por el Cambio y los liberales. Leer m\u00e1s<\/p>\n","protected":false},"author":0,"featured_media":0,"comment_status":"","ping_status":"","sticky":false,"template":"","format":"standard","meta":{"footnotes":""},"categories":[1],"tags":[],"class_list":["post-13101","post","type-post","status-publish","format-standard","hentry","category-sin-categoria"],"_links":{"self":[{"href":"http:\/\/fmdelpueblo.ar\/index.php?rest_route=\/wp\/v2\/posts\/13101","targetHints":{"allow":["GET"]}}],"collection":[{"href":"http:\/\/fmdelpueblo.ar\/index.php?rest_route=\/wp\/v2\/posts"}],"about":[{"href":"http:\/\/fmdelpueblo.ar\/index.php?rest_route=\/wp\/v2\/types\/post"}],"replies":[{"embeddable":true,"href":"http:\/\/fmdelpueblo.ar\/index.php?rest_route=%2Fwp%2Fv2%2Fcomments&post=13101"}],"version-history":[{"count":0,"href":"http:\/\/fmdelpueblo.ar\/index.php?rest_route=\/wp\/v2\/posts\/13101\/revisions"}],"wp:attachment":[{"href":"http:\/\/fmdelpueblo.ar\/index.php?rest_route=%2Fwp%2Fv2%2Fmedia&parent=13101"}],"wp:term":[{"taxonomy":"category","embeddable":true,"href":"http:\/\/fmdelpueblo.ar\/index.php?rest_route=%2Fwp%2Fv2%2Fcategories&post=13101"},{"taxonomy":"post_tag","embeddable":true,"href":"http:\/\/fmdelpueblo.ar\/index.php?rest_route=%2Fwp%2Fv2%2Ftags&post=13101"}],"curies":[{"name":"wp","href":"https:\/\/api.w.org\/{rel}","templated":true}]}}