{"id":131,"date":"2021-10-26T03:10:02","date_gmt":"2021-10-26T03:10:02","guid":{"rendered":"https:\/\/fmdelpueblo.ar\/?p=131"},"modified":"2021-10-26T03:10:02","modified_gmt":"2021-10-26T03:10:02","slug":"empleo-pobreza-e-inflacion-de-que-nos-quejamos-los-argentinos-en-twitter","status":"publish","type":"post","link":"http:\/\/fmdelpueblo.ar\/?p=131","title":{"rendered":"Empleo, pobreza e inflaci\u00f3n: de qu\u00e9 nos quejamos los argentinos en Twitter"},"content":{"rendered":"<\/p>\n<p>El sondeo de &#8216;Scidata&#8217; encontr\u00f3 adem\u00e1s que, fuera de la discusi\u00f3n econ\u00f3mica, las tem\u00e1ticas pol\u00edtica y justicia son aquellas que mayor cantidad de menciones generan por parte de los usuarios.  <a href=\"https:\/\/www.perfil.com\/noticias\/actualidad\/trabajo-pobreza-inflacion-principales-inquietudes-de-argentinos-en-redes-sociales.phtml\">Leer m\u00e1s<\/a><\/p>\n","protected":false},"excerpt":{"rendered":"<p>El sondeo de &#8216;Scidata&#8217; encontr\u00f3 adem\u00e1s que, fuera de la discusi\u00f3n econ\u00f3mica, las tem\u00e1ticas pol\u00edtica y justicia son aquellas que mayor cantidad de menciones generan por parte de los usuarios. Leer m\u00e1s<\/p>\n","protected":false},"author":0,"featured_media":0,"comment_status":"","ping_status":"","sticky":false,"template":"","format":"standard","meta":{"footnotes":""},"categories":[1],"tags":[],"class_list":["post-131","post","type-post","status-publish","format-standard","hentry","category-sin-categoria"],"_links":{"self":[{"href":"http:\/\/fmdelpueblo.ar\/index.php?rest_route=\/wp\/v2\/posts\/131","targetHints":{"allow":["GET"]}}],"collection":[{"href":"http:\/\/fmdelpueblo.ar\/index.php?rest_route=\/wp\/v2\/posts"}],"about":[{"href":"http:\/\/fmdelpueblo.ar\/index.php?rest_route=\/wp\/v2\/types\/post"}],"replies":[{"embeddable":true,"href":"http:\/\/fmdelpueblo.ar\/index.php?rest_route=%2Fwp%2Fv2%2Fcomments&post=131"}],"version-history":[{"count":0,"href":"http:\/\/fmdelpueblo.ar\/index.php?rest_route=\/wp\/v2\/posts\/131\/revisions"}],"wp:attachment":[{"href":"http:\/\/fmdelpueblo.ar\/index.php?rest_route=%2Fwp%2Fv2%2Fmedia&parent=131"}],"wp:term":[{"taxonomy":"category","embeddable":true,"href":"http:\/\/fmdelpueblo.ar\/index.php?rest_route=%2Fwp%2Fv2%2Fcategories&post=131"},{"taxonomy":"post_tag","embeddable":true,"href":"http:\/\/fmdelpueblo.ar\/index.php?rest_route=%2Fwp%2Fv2%2Ftags&post=131"}],"curies":[{"name":"wp","href":"https:\/\/api.w.org\/{rel}","templated":true}]}}