{"id":13099,"date":"2022-04-19T02:09:22","date_gmt":"2022-04-19T02:09:22","guid":{"rendered":"https:\/\/fmdelpueblo.ar\/?p=13099"},"modified":"2022-04-19T02:09:22","modified_gmt":"2022-04-19T02:09:22","slug":"salvador-di-stefano-el-presidente-solo-hace-grandes-aportes-a-la-confusion-general","status":"publish","type":"post","link":"http:\/\/fmdelpueblo.ar\/?p=13099","title":{"rendered":"Salvador Di Stefano: \u00abEl presidente solo hace grandes aportes a la confusi\u00f3n general\u00bb"},"content":{"rendered":"<\/p>\n<p>El economista dijo que hay que apuntar al super\u00e1vit fiscal para poder generar empleo genuino y combatir la inflaci\u00f3n. <a href=\"https:\/\/www.perfil.com\/noticias\/reperfilar\/salvador-di-stefano-el-presidente-solo-hace-grandes-aportes-a-la-confusion-general.phtml\">Leer m\u00e1s<\/a><\/p>\n","protected":false},"excerpt":{"rendered":"<p>El economista dijo que hay que apuntar al super\u00e1vit fiscal para poder generar empleo genuino y combatir la inflaci\u00f3n. Leer m\u00e1s<\/p>\n","protected":false},"author":0,"featured_media":0,"comment_status":"","ping_status":"","sticky":false,"template":"","format":"standard","meta":{"footnotes":""},"categories":[1],"tags":[],"class_list":["post-13099","post","type-post","status-publish","format-standard","hentry","category-sin-categoria"],"_links":{"self":[{"href":"http:\/\/fmdelpueblo.ar\/index.php?rest_route=\/wp\/v2\/posts\/13099","targetHints":{"allow":["GET"]}}],"collection":[{"href":"http:\/\/fmdelpueblo.ar\/index.php?rest_route=\/wp\/v2\/posts"}],"about":[{"href":"http:\/\/fmdelpueblo.ar\/index.php?rest_route=\/wp\/v2\/types\/post"}],"replies":[{"embeddable":true,"href":"http:\/\/fmdelpueblo.ar\/index.php?rest_route=%2Fwp%2Fv2%2Fcomments&post=13099"}],"version-history":[{"count":0,"href":"http:\/\/fmdelpueblo.ar\/index.php?rest_route=\/wp\/v2\/posts\/13099\/revisions"}],"wp:attachment":[{"href":"http:\/\/fmdelpueblo.ar\/index.php?rest_route=%2Fwp%2Fv2%2Fmedia&parent=13099"}],"wp:term":[{"taxonomy":"category","embeddable":true,"href":"http:\/\/fmdelpueblo.ar\/index.php?rest_route=%2Fwp%2Fv2%2Fcategories&post=13099"},{"taxonomy":"post_tag","embeddable":true,"href":"http:\/\/fmdelpueblo.ar\/index.php?rest_route=%2Fwp%2Fv2%2Ftags&post=13099"}],"curies":[{"name":"wp","href":"https:\/\/api.w.org\/{rel}","templated":true}]}}