{"id":13098,"date":"2022-04-19T02:09:21","date_gmt":"2022-04-19T02:09:21","guid":{"rendered":"https:\/\/fmdelpueblo.ar\/?p=13098"},"modified":"2022-04-19T02:09:21","modified_gmt":"2022-04-19T02:09:21","slug":"economistas-opinan-sobre-los-nuevos-bonos-y-el-impuesto-a-la-renta-inesperada","status":"publish","type":"post","link":"http:\/\/fmdelpueblo.ar\/?p=13098","title":{"rendered":"Economistas opinan sobre los nuevos bonos y el impuesto a la renta inesperada"},"content":{"rendered":"<\/p>\n<p>Salvador Di Stefano, Fausto Spotorno, Dami\u00e1n Di Pace y Christian Buteler se refirieron a las medidas dadas a conocer por Alberto Fern\u00e1ndez y Mart\u00edn Guzm\u00e1n. <a href=\"https:\/\/www.perfil.com\/noticias\/economia\/economistas-opinan-sobre-bonos-impuesto-renta-inesperada.phtml\">Leer m\u00e1s<\/a><\/p>\n","protected":false},"excerpt":{"rendered":"<p>Salvador Di Stefano, Fausto Spotorno, Dami\u00e1n Di Pace y Christian Buteler se refirieron a las medidas dadas a conocer por Alberto Fern\u00e1ndez y Mart\u00edn Guzm\u00e1n. Leer m\u00e1s<\/p>\n","protected":false},"author":0,"featured_media":0,"comment_status":"","ping_status":"","sticky":false,"template":"","format":"standard","meta":{"footnotes":""},"categories":[1],"tags":[],"class_list":["post-13098","post","type-post","status-publish","format-standard","hentry","category-sin-categoria"],"_links":{"self":[{"href":"http:\/\/fmdelpueblo.ar\/index.php?rest_route=\/wp\/v2\/posts\/13098","targetHints":{"allow":["GET"]}}],"collection":[{"href":"http:\/\/fmdelpueblo.ar\/index.php?rest_route=\/wp\/v2\/posts"}],"about":[{"href":"http:\/\/fmdelpueblo.ar\/index.php?rest_route=\/wp\/v2\/types\/post"}],"replies":[{"embeddable":true,"href":"http:\/\/fmdelpueblo.ar\/index.php?rest_route=%2Fwp%2Fv2%2Fcomments&post=13098"}],"version-history":[{"count":0,"href":"http:\/\/fmdelpueblo.ar\/index.php?rest_route=\/wp\/v2\/posts\/13098\/revisions"}],"wp:attachment":[{"href":"http:\/\/fmdelpueblo.ar\/index.php?rest_route=%2Fwp%2Fv2%2Fmedia&parent=13098"}],"wp:term":[{"taxonomy":"category","embeddable":true,"href":"http:\/\/fmdelpueblo.ar\/index.php?rest_route=%2Fwp%2Fv2%2Fcategories&post=13098"},{"taxonomy":"post_tag","embeddable":true,"href":"http:\/\/fmdelpueblo.ar\/index.php?rest_route=%2Fwp%2Fv2%2Ftags&post=13098"}],"curies":[{"name":"wp","href":"https:\/\/api.w.org\/{rel}","templated":true}]}}