{"id":13095,"date":"2022-04-19T01:09:17","date_gmt":"2022-04-19T01:09:17","guid":{"rendered":"https:\/\/fmdelpueblo.ar\/?p=13095"},"modified":"2022-04-19T01:09:17","modified_gmt":"2022-04-19T01:09:17","slug":"no-queria-ver-los-videos-el-testimonio-del-dueno-de-la-concesionaria-robada-en-la-pampa","status":"publish","type":"post","link":"http:\/\/fmdelpueblo.ar\/?p=13095","title":{"rendered":"\u00abNo quer\u00eda ver los v\u00eddeos\u00bb: el testimonio del due\u00f1o de la concesionaria robada en La Pampa"},"content":{"rendered":"<\/p>\n<p>Francisco Bertello, due\u00f1o de la concesionaria que sufri\u00f3 el hurto, asegur\u00f3 que no conoce al hombre que rob\u00f3 el veh\u00edculo. <a href=\"https:\/\/www.perfil.com\/noticias\/reperfilar\/robo-concesionario-de-la-pampa-no-queria-ver-los-videos-necesitaba-pensar-que-era-mentira.phtml\">Leer m\u00e1s<\/a><\/p>\n","protected":false},"excerpt":{"rendered":"<p>Francisco Bertello, due\u00f1o de la concesionaria que sufri\u00f3 el hurto, asegur\u00f3 que no conoce al hombre que rob\u00f3 el veh\u00edculo. Leer m\u00e1s<\/p>\n","protected":false},"author":0,"featured_media":0,"comment_status":"","ping_status":"","sticky":false,"template":"","format":"standard","meta":{"footnotes":""},"categories":[1],"tags":[],"class_list":["post-13095","post","type-post","status-publish","format-standard","hentry","category-sin-categoria"],"_links":{"self":[{"href":"http:\/\/fmdelpueblo.ar\/index.php?rest_route=\/wp\/v2\/posts\/13095","targetHints":{"allow":["GET"]}}],"collection":[{"href":"http:\/\/fmdelpueblo.ar\/index.php?rest_route=\/wp\/v2\/posts"}],"about":[{"href":"http:\/\/fmdelpueblo.ar\/index.php?rest_route=\/wp\/v2\/types\/post"}],"replies":[{"embeddable":true,"href":"http:\/\/fmdelpueblo.ar\/index.php?rest_route=%2Fwp%2Fv2%2Fcomments&post=13095"}],"version-history":[{"count":0,"href":"http:\/\/fmdelpueblo.ar\/index.php?rest_route=\/wp\/v2\/posts\/13095\/revisions"}],"wp:attachment":[{"href":"http:\/\/fmdelpueblo.ar\/index.php?rest_route=%2Fwp%2Fv2%2Fmedia&parent=13095"}],"wp:term":[{"taxonomy":"category","embeddable":true,"href":"http:\/\/fmdelpueblo.ar\/index.php?rest_route=%2Fwp%2Fv2%2Fcategories&post=13095"},{"taxonomy":"post_tag","embeddable":true,"href":"http:\/\/fmdelpueblo.ar\/index.php?rest_route=%2Fwp%2Fv2%2Ftags&post=13095"}],"curies":[{"name":"wp","href":"https:\/\/api.w.org\/{rel}","templated":true}]}}