{"id":13094,"date":"2022-04-19T01:09:17","date_gmt":"2022-04-19T01:09:17","guid":{"rendered":"https:\/\/fmdelpueblo.ar\/?p=13094"},"modified":"2022-04-19T01:09:17","modified_gmt":"2022-04-19T01:09:17","slug":"viajo-de-neuquen-a-la-plata-con-un-rifle-y-dijo-que-iba-a-matar-a-cristina-kirchner","status":"publish","type":"post","link":"http:\/\/fmdelpueblo.ar\/?p=13094","title":{"rendered":"Viaj\u00f3 de Neuqu\u00e9n a La Plata con un rifle y dijo que iba a matar a Cristina Kirchner"},"content":{"rendered":"<\/p>\n<p>El hombre amenaz\u00f3 a una automovilista con un rifle de aire comprimido en el centro platense donde fue detenido. Dentro del veh\u00edculo estaba su hijo quien cont\u00f3 que hac\u00eda tres d\u00edas estaban de viaje. <a href=\"https:\/\/www.perfil.com\/noticias\/policia\/viajo-neuquen-la-plata-con-rifle-dijo-iba-matar-cristina-kirchner.phtml\">Leer m\u00e1s<\/a><\/p>\n","protected":false},"excerpt":{"rendered":"<p>El hombre amenaz\u00f3 a una automovilista con un rifle de aire comprimido en el centro platense donde fue detenido. Dentro del veh\u00edculo estaba su hijo quien cont\u00f3 que hac\u00eda tres d\u00edas estaban de viaje. Leer m\u00e1s<\/p>\n","protected":false},"author":0,"featured_media":0,"comment_status":"","ping_status":"","sticky":false,"template":"","format":"standard","meta":{"footnotes":""},"categories":[1],"tags":[],"class_list":["post-13094","post","type-post","status-publish","format-standard","hentry","category-sin-categoria"],"_links":{"self":[{"href":"http:\/\/fmdelpueblo.ar\/index.php?rest_route=\/wp\/v2\/posts\/13094","targetHints":{"allow":["GET"]}}],"collection":[{"href":"http:\/\/fmdelpueblo.ar\/index.php?rest_route=\/wp\/v2\/posts"}],"about":[{"href":"http:\/\/fmdelpueblo.ar\/index.php?rest_route=\/wp\/v2\/types\/post"}],"replies":[{"embeddable":true,"href":"http:\/\/fmdelpueblo.ar\/index.php?rest_route=%2Fwp%2Fv2%2Fcomments&post=13094"}],"version-history":[{"count":0,"href":"http:\/\/fmdelpueblo.ar\/index.php?rest_route=\/wp\/v2\/posts\/13094\/revisions"}],"wp:attachment":[{"href":"http:\/\/fmdelpueblo.ar\/index.php?rest_route=%2Fwp%2Fv2%2Fmedia&parent=13094"}],"wp:term":[{"taxonomy":"category","embeddable":true,"href":"http:\/\/fmdelpueblo.ar\/index.php?rest_route=%2Fwp%2Fv2%2Fcategories&post=13094"},{"taxonomy":"post_tag","embeddable":true,"href":"http:\/\/fmdelpueblo.ar\/index.php?rest_route=%2Fwp%2Fv2%2Ftags&post=13094"}],"curies":[{"name":"wp","href":"https:\/\/api.w.org\/{rel}","templated":true}]}}