{"id":13091,"date":"2022-04-19T01:09:17","date_gmt":"2022-04-19T01:09:17","guid":{"rendered":"https:\/\/fmdelpueblo.ar\/?p=13091"},"modified":"2022-04-19T01:09:17","modified_gmt":"2022-04-19T01:09:17","slug":"malvinas-para-financial-times-el-discurso-de-cristina-complacio-a-moscu-y-alimento-suspicacias-de-los-islenos","status":"publish","type":"post","link":"http:\/\/fmdelpueblo.ar\/?p=13091","title":{"rendered":"Malvinas: para &#8216;Financial Times&#8217;, el discurso de Cristina \u00abcomplaci\u00f3 a Mosc\u00fa\u00bb y \u00abaliment\u00f3 suspicacias de los isle\u00f1os\u00bb"},"content":{"rendered":"<\/p>\n<p>El peri\u00f3dico brit\u00e1nico dijo que el mensaje de la vicepresidenta ante EuroLat \u00abno hace m\u00e1s que alimentar las suspicacias de los isle\u00f1os, que se sienten amenazados por la actual constituci\u00f3n, que promete recuperar las Malvinas\u00bb. <a href=\"https:\/\/www.perfil.com\/noticias\/actualidad\/malvinas-para-financial-times-el-discurso-de-cristina-complacio-a-moscu-y-alimento-suspicacias-de-los-islenos.phtml\">Leer m\u00e1s<\/a><\/p>\n","protected":false},"excerpt":{"rendered":"<p>El peri\u00f3dico brit\u00e1nico dijo que el mensaje de la vicepresidenta ante EuroLat \u00abno hace m\u00e1s que alimentar las suspicacias de los isle\u00f1os, que se sienten amenazados por la actual constituci\u00f3n, que promete recuperar las Malvinas\u00bb. Leer m\u00e1s<\/p>\n","protected":false},"author":0,"featured_media":0,"comment_status":"","ping_status":"","sticky":false,"template":"","format":"standard","meta":{"footnotes":""},"categories":[1],"tags":[],"class_list":["post-13091","post","type-post","status-publish","format-standard","hentry","category-sin-categoria"],"_links":{"self":[{"href":"http:\/\/fmdelpueblo.ar\/index.php?rest_route=\/wp\/v2\/posts\/13091","targetHints":{"allow":["GET"]}}],"collection":[{"href":"http:\/\/fmdelpueblo.ar\/index.php?rest_route=\/wp\/v2\/posts"}],"about":[{"href":"http:\/\/fmdelpueblo.ar\/index.php?rest_route=\/wp\/v2\/types\/post"}],"replies":[{"embeddable":true,"href":"http:\/\/fmdelpueblo.ar\/index.php?rest_route=%2Fwp%2Fv2%2Fcomments&post=13091"}],"version-history":[{"count":0,"href":"http:\/\/fmdelpueblo.ar\/index.php?rest_route=\/wp\/v2\/posts\/13091\/revisions"}],"wp:attachment":[{"href":"http:\/\/fmdelpueblo.ar\/index.php?rest_route=%2Fwp%2Fv2%2Fmedia&parent=13091"}],"wp:term":[{"taxonomy":"category","embeddable":true,"href":"http:\/\/fmdelpueblo.ar\/index.php?rest_route=%2Fwp%2Fv2%2Fcategories&post=13091"},{"taxonomy":"post_tag","embeddable":true,"href":"http:\/\/fmdelpueblo.ar\/index.php?rest_route=%2Fwp%2Fv2%2Ftags&post=13091"}],"curies":[{"name":"wp","href":"https:\/\/api.w.org\/{rel}","templated":true}]}}