{"id":12922,"date":"2022-04-16T05:09:42","date_gmt":"2022-04-16T05:09:42","guid":{"rendered":"http:\/\/fmdelpueblo.ar\/?p=12922"},"modified":"2022-04-16T05:09:42","modified_gmt":"2022-04-16T05:09:42","slug":"a-proposito-de-senas-hacia-lo-abierto-de-hugo-mujica","status":"publish","type":"post","link":"http:\/\/fmdelpueblo.ar\/?p=12922","title":{"rendered":"A prop\u00f3sito de \u2018Se\u00f1as hacia lo abierto\u2019, de Hugo Mujica"},"content":{"rendered":"<\/p>\n<p>Una reflexi\u00f3n sobre el \u00faltimo libro de Hugo Mujica que, de apariencia extempor\u00e1nea, ofrece herramientas para una filosof\u00eda de la espera en tiempos de hiperactividad al analizar a Martin Heidegger. <a href=\"https:\/\/www.perfil.com\/noticias\/opinion\/a-proposito-de-senas-hacia-lo-abierto-de-hugo-mujica.phtml\">Leer m\u00e1s<\/a><\/p>\n","protected":false},"excerpt":{"rendered":"<p>Una reflexi\u00f3n sobre el \u00faltimo libro de Hugo Mujica que, de apariencia extempor\u00e1nea, ofrece herramientas para una filosof\u00eda de la espera en tiempos de hiperactividad al analizar a Martin Heidegger. Leer m\u00e1s<\/p>\n","protected":false},"author":0,"featured_media":0,"comment_status":"","ping_status":"","sticky":false,"template":"","format":"standard","meta":{"footnotes":""},"categories":[1],"tags":[],"class_list":["post-12922","post","type-post","status-publish","format-standard","hentry","category-sin-categoria"],"_links":{"self":[{"href":"http:\/\/fmdelpueblo.ar\/index.php?rest_route=\/wp\/v2\/posts\/12922","targetHints":{"allow":["GET"]}}],"collection":[{"href":"http:\/\/fmdelpueblo.ar\/index.php?rest_route=\/wp\/v2\/posts"}],"about":[{"href":"http:\/\/fmdelpueblo.ar\/index.php?rest_route=\/wp\/v2\/types\/post"}],"replies":[{"embeddable":true,"href":"http:\/\/fmdelpueblo.ar\/index.php?rest_route=%2Fwp%2Fv2%2Fcomments&post=12922"}],"version-history":[{"count":0,"href":"http:\/\/fmdelpueblo.ar\/index.php?rest_route=\/wp\/v2\/posts\/12922\/revisions"}],"wp:attachment":[{"href":"http:\/\/fmdelpueblo.ar\/index.php?rest_route=%2Fwp%2Fv2%2Fmedia&parent=12922"}],"wp:term":[{"taxonomy":"category","embeddable":true,"href":"http:\/\/fmdelpueblo.ar\/index.php?rest_route=%2Fwp%2Fv2%2Fcategories&post=12922"},{"taxonomy":"post_tag","embeddable":true,"href":"http:\/\/fmdelpueblo.ar\/index.php?rest_route=%2Fwp%2Fv2%2Ftags&post=12922"}],"curies":[{"name":"wp","href":"https:\/\/api.w.org\/{rel}","templated":true}]}}