{"id":12921,"date":"2022-04-16T05:09:42","date_gmt":"2022-04-16T05:09:42","guid":{"rendered":"http:\/\/fmdelpueblo.ar\/?p=12921"},"modified":"2022-04-16T05:09:42","modified_gmt":"2022-04-16T05:09:42","slug":"la-reforma-del-consejo-se-estanco-en-la-camara-baja","status":"publish","type":"post","link":"http:\/\/fmdelpueblo.ar\/?p=12921","title":{"rendered":"La reforma del Consejo se estanc\u00f3 en la C\u00e1mara baja"},"content":{"rendered":"<\/p>\n<p>Ayer se cumpli\u00f3 el plazo de 120 d\u00edas que dio la Corte Suprema cuando decret\u00f3 la inconstitucionalidad de la actual composici\u00f3n. <a href=\"https:\/\/www.perfil.com\/noticias\/politica\/la-reforma-del-consejo-se-estanco-en-la-camara-baja.phtml\">Leer m\u00e1s<\/a><\/p>\n","protected":false},"excerpt":{"rendered":"<p>Ayer se cumpli\u00f3 el plazo de 120 d\u00edas que dio la Corte Suprema cuando decret\u00f3 la inconstitucionalidad de la actual composici\u00f3n. Leer m\u00e1s<\/p>\n","protected":false},"author":0,"featured_media":0,"comment_status":"","ping_status":"","sticky":false,"template":"","format":"standard","meta":{"footnotes":""},"categories":[1],"tags":[],"class_list":["post-12921","post","type-post","status-publish","format-standard","hentry","category-sin-categoria"],"_links":{"self":[{"href":"http:\/\/fmdelpueblo.ar\/index.php?rest_route=\/wp\/v2\/posts\/12921","targetHints":{"allow":["GET"]}}],"collection":[{"href":"http:\/\/fmdelpueblo.ar\/index.php?rest_route=\/wp\/v2\/posts"}],"about":[{"href":"http:\/\/fmdelpueblo.ar\/index.php?rest_route=\/wp\/v2\/types\/post"}],"replies":[{"embeddable":true,"href":"http:\/\/fmdelpueblo.ar\/index.php?rest_route=%2Fwp%2Fv2%2Fcomments&post=12921"}],"version-history":[{"count":0,"href":"http:\/\/fmdelpueblo.ar\/index.php?rest_route=\/wp\/v2\/posts\/12921\/revisions"}],"wp:attachment":[{"href":"http:\/\/fmdelpueblo.ar\/index.php?rest_route=%2Fwp%2Fv2%2Fmedia&parent=12921"}],"wp:term":[{"taxonomy":"category","embeddable":true,"href":"http:\/\/fmdelpueblo.ar\/index.php?rest_route=%2Fwp%2Fv2%2Fcategories&post=12921"},{"taxonomy":"post_tag","embeddable":true,"href":"http:\/\/fmdelpueblo.ar\/index.php?rest_route=%2Fwp%2Fv2%2Ftags&post=12921"}],"curies":[{"name":"wp","href":"https:\/\/api.w.org\/{rel}","templated":true}]}}