{"id":12918,"date":"2022-04-16T04:09:21","date_gmt":"2022-04-16T04:09:21","guid":{"rendered":"https:\/\/fmdelpueblo.ar\/?p=12918"},"modified":"2022-04-16T04:09:21","modified_gmt":"2022-04-16T04:09:21","slug":"francisco-oro-por-la-paz-en-su-primer-via-crucis-despues-de-la-pandemia","status":"publish","type":"post","link":"http:\/\/fmdelpueblo.ar\/?p=12918","title":{"rendered":"Francisco or\u00f3 por la paz en su primer V\u00eda Crucis despu\u00e9s de la pandemia"},"content":{"rendered":"<\/p>\n<p>Ante miles de personas alrededor del Coliseo romano, el Papa pidi\u00f3 a Dios \u201cdesarmar la mano armada del hermano que se levanta contra otro hermano\u201d. Dos amigas, una ucraniana y otra rusa, cargaron la cruz en una estaci\u00f3n, una iniciativa que Kiev critic\u00f3 porque no es tiempo a\u00fan de \u201creconciliaci\u00f3n\u201d. <a href=\"https:\/\/www.perfil.com\/noticias\/internacional\/francisco-oro-por-la-paz-en-su-primer-via-crucis-despues-de-la-pandemia.phtml\">Leer m\u00e1s<\/a><\/p>\n","protected":false},"excerpt":{"rendered":"<p>Ante miles de personas alrededor del Coliseo romano, el Papa pidi\u00f3 a Dios \u201cdesarmar la mano armada del hermano que se levanta contra otro hermano\u201d. Dos amigas, una ucraniana y otra rusa, cargaron la cruz en una estaci\u00f3n, una iniciativa que Kiev critic\u00f3 porque no es tiempo a\u00fan de \u201creconciliaci\u00f3n\u201d. Leer m\u00e1s<\/p>\n","protected":false},"author":0,"featured_media":0,"comment_status":"","ping_status":"","sticky":false,"template":"","format":"standard","meta":{"footnotes":""},"categories":[1],"tags":[],"class_list":["post-12918","post","type-post","status-publish","format-standard","hentry","category-sin-categoria"],"_links":{"self":[{"href":"http:\/\/fmdelpueblo.ar\/index.php?rest_route=\/wp\/v2\/posts\/12918","targetHints":{"allow":["GET"]}}],"collection":[{"href":"http:\/\/fmdelpueblo.ar\/index.php?rest_route=\/wp\/v2\/posts"}],"about":[{"href":"http:\/\/fmdelpueblo.ar\/index.php?rest_route=\/wp\/v2\/types\/post"}],"replies":[{"embeddable":true,"href":"http:\/\/fmdelpueblo.ar\/index.php?rest_route=%2Fwp%2Fv2%2Fcomments&post=12918"}],"version-history":[{"count":0,"href":"http:\/\/fmdelpueblo.ar\/index.php?rest_route=\/wp\/v2\/posts\/12918\/revisions"}],"wp:attachment":[{"href":"http:\/\/fmdelpueblo.ar\/index.php?rest_route=%2Fwp%2Fv2%2Fmedia&parent=12918"}],"wp:term":[{"taxonomy":"category","embeddable":true,"href":"http:\/\/fmdelpueblo.ar\/index.php?rest_route=%2Fwp%2Fv2%2Fcategories&post=12918"},{"taxonomy":"post_tag","embeddable":true,"href":"http:\/\/fmdelpueblo.ar\/index.php?rest_route=%2Fwp%2Fv2%2Ftags&post=12918"}],"curies":[{"name":"wp","href":"https:\/\/api.w.org\/{rel}","templated":true}]}}