{"id":12912,"date":"2022-04-16T03:09:00","date_gmt":"2022-04-16T03:09:00","guid":{"rendered":"https:\/\/fmdelpueblo.ar\/?p=12912"},"modified":"2022-04-16T03:09:00","modified_gmt":"2022-04-16T03:09:00","slug":"guzman-el-ministro-mas-cascoteado-por-las-balas-k-contra-la-suba-de-las-tarifas-en-la-luz-y-el-gas","status":"publish","type":"post","link":"http:\/\/fmdelpueblo.ar\/?p=12912","title":{"rendered":"Guzm\u00e1n, el ministro m\u00e1s cascoteado por las balas K contra la suba de las tarifas en la luz y el gas"},"content":{"rendered":"<\/p>\n<p>El titular de Hacienda se va a EE.UU a una reuni\u00f3n del Fondo. Se lleva en la valija un nuevo respaldo del Presidente pero tambi\u00e9n embestidas del tridente k que conduce energ\u00eda. <a href=\"https:\/\/www.perfil.com\/noticias\/politica\/guzman-el-ministro-mas-cascoteado-por-las-balas-k-contra-la-suba-de-las-tarifas-en-la-luz-y-el-gas.phtml\">Leer m\u00e1s<\/a><\/p>\n","protected":false},"excerpt":{"rendered":"<p>El titular de Hacienda se va a EE.UU a una reuni\u00f3n del Fondo. Se lleva en la valija un nuevo respaldo del Presidente pero tambi\u00e9n embestidas del tridente k que conduce energ\u00eda. Leer m\u00e1s<\/p>\n","protected":false},"author":0,"featured_media":0,"comment_status":"","ping_status":"","sticky":false,"template":"","format":"standard","meta":{"footnotes":""},"categories":[1],"tags":[],"class_list":["post-12912","post","type-post","status-publish","format-standard","hentry","category-sin-categoria"],"_links":{"self":[{"href":"http:\/\/fmdelpueblo.ar\/index.php?rest_route=\/wp\/v2\/posts\/12912","targetHints":{"allow":["GET"]}}],"collection":[{"href":"http:\/\/fmdelpueblo.ar\/index.php?rest_route=\/wp\/v2\/posts"}],"about":[{"href":"http:\/\/fmdelpueblo.ar\/index.php?rest_route=\/wp\/v2\/types\/post"}],"replies":[{"embeddable":true,"href":"http:\/\/fmdelpueblo.ar\/index.php?rest_route=%2Fwp%2Fv2%2Fcomments&post=12912"}],"version-history":[{"count":0,"href":"http:\/\/fmdelpueblo.ar\/index.php?rest_route=\/wp\/v2\/posts\/12912\/revisions"}],"wp:attachment":[{"href":"http:\/\/fmdelpueblo.ar\/index.php?rest_route=%2Fwp%2Fv2%2Fmedia&parent=12912"}],"wp:term":[{"taxonomy":"category","embeddable":true,"href":"http:\/\/fmdelpueblo.ar\/index.php?rest_route=%2Fwp%2Fv2%2Fcategories&post=12912"},{"taxonomy":"post_tag","embeddable":true,"href":"http:\/\/fmdelpueblo.ar\/index.php?rest_route=%2Fwp%2Fv2%2Ftags&post=12912"}],"curies":[{"name":"wp","href":"https:\/\/api.w.org\/{rel}","templated":true}]}}