{"id":12907,"date":"2022-04-16T03:08:59","date_gmt":"2022-04-16T03:08:59","guid":{"rendered":"https:\/\/fmdelpueblo.ar\/?p=12907"},"modified":"2022-04-16T03:08:59","modified_gmt":"2022-04-16T03:08:59","slug":"jaime-duran-barba-es-posible-que-milei-llegue-al-ballottage-el-ano-proximo","status":"publish","type":"post","link":"http:\/\/fmdelpueblo.ar\/?p=12907","title":{"rendered":"Jaime Duran Barba: \u00abEs posible que Milei llegue al ballottage el a\u00f1o pr\u00f3ximo\u00bb"},"content":{"rendered":"<\/p>\n<p>El analista pol\u00edtico m\u00e1s importante de Am\u00e9rica Latina declara que la nueva forma de hacer pol\u00edtica es desde el humor y la participaci\u00f3n: \u201cHay que ser David y no Goliat\u201d, mientras vaticina que la \u00fanica salida para evitar una hecatombe en el pa\u00eds es que oposici\u00f3n y oficialismo recurran al di\u00e1logo para acordar metas b\u00e1sicas a mediano plazo para el desarrollo de la Argentina. <a href=\"https:\/\/www.perfil.com\/noticias\/periodismopuro\/jaime-duran-barba-es-posible-que-milei-llegue-al-ballottage-el-ano-proximo-por-jorge-fontevecchia.phtml\">Leer m\u00e1s<\/a><\/p>\n","protected":false},"excerpt":{"rendered":"<p>El analista pol\u00edtico m\u00e1s importante de Am\u00e9rica Latina declara que la nueva forma de hacer pol\u00edtica es desde el humor y la participaci\u00f3n: \u201cHay que ser David y no Goliat\u201d, mientras vaticina que la \u00fanica salida para evitar una hecatombe en el pa\u00eds es que oposici\u00f3n y oficialismo recurran al di\u00e1logo para acordar metas b\u00e1sicas [&hellip;]<\/p>\n","protected":false},"author":0,"featured_media":0,"comment_status":"","ping_status":"","sticky":false,"template":"","format":"standard","meta":{"footnotes":""},"categories":[1],"tags":[],"class_list":["post-12907","post","type-post","status-publish","format-standard","hentry","category-sin-categoria"],"_links":{"self":[{"href":"http:\/\/fmdelpueblo.ar\/index.php?rest_route=\/wp\/v2\/posts\/12907","targetHints":{"allow":["GET"]}}],"collection":[{"href":"http:\/\/fmdelpueblo.ar\/index.php?rest_route=\/wp\/v2\/posts"}],"about":[{"href":"http:\/\/fmdelpueblo.ar\/index.php?rest_route=\/wp\/v2\/types\/post"}],"replies":[{"embeddable":true,"href":"http:\/\/fmdelpueblo.ar\/index.php?rest_route=%2Fwp%2Fv2%2Fcomments&post=12907"}],"version-history":[{"count":0,"href":"http:\/\/fmdelpueblo.ar\/index.php?rest_route=\/wp\/v2\/posts\/12907\/revisions"}],"wp:attachment":[{"href":"http:\/\/fmdelpueblo.ar\/index.php?rest_route=%2Fwp%2Fv2%2Fmedia&parent=12907"}],"wp:term":[{"taxonomy":"category","embeddable":true,"href":"http:\/\/fmdelpueblo.ar\/index.php?rest_route=%2Fwp%2Fv2%2Fcategories&post=12907"},{"taxonomy":"post_tag","embeddable":true,"href":"http:\/\/fmdelpueblo.ar\/index.php?rest_route=%2Fwp%2Fv2%2Ftags&post=12907"}],"curies":[{"name":"wp","href":"https:\/\/api.w.org\/{rel}","templated":true}]}}