{"id":12903,"date":"2022-04-16T01:11:43","date_gmt":"2022-04-16T01:11:43","guid":{"rendered":"http:\/\/fmdelpueblo.ar\/?p=12903"},"modified":"2022-04-16T01:11:43","modified_gmt":"2022-04-16T01:11:43","slug":"se-cumplen-35-anos-del-levantamiento-carapintada-contra-ricardo-alfonsin","status":"publish","type":"post","link":"http:\/\/fmdelpueblo.ar\/?p=12903","title":{"rendered":"Se cumplen 35 a\u00f1os del levantamiento carapintada contra Ricardo Alfons\u00edn"},"content":{"rendered":"<\/p>\n<p>Meses despu\u00e9s se concret\u00f3 la Ley de Obediencia Debida, legislaci\u00f3n que establec\u00eda que los miembros de las fuerzas armadas no eran punibles ya que cumpl\u00edan \u00f3rdenes de sus superiores. <a href=\"https:\/\/www.perfil.com\/noticias\/reperfilar\/se-cumplen-35-anos-del-levantamiento-carapintada-contra-ricardo-alfonsin.phtml\">Leer m\u00e1s<\/a><\/p>\n","protected":false},"excerpt":{"rendered":"<p>Meses despu\u00e9s se concret\u00f3 la Ley de Obediencia Debida, legislaci\u00f3n que establec\u00eda que los miembros de las fuerzas armadas no eran punibles ya que cumpl\u00edan \u00f3rdenes de sus superiores. Leer m\u00e1s<\/p>\n","protected":false},"author":0,"featured_media":0,"comment_status":"","ping_status":"","sticky":false,"template":"","format":"standard","meta":{"footnotes":""},"categories":[1],"tags":[],"class_list":["post-12903","post","type-post","status-publish","format-standard","hentry","category-sin-categoria"],"_links":{"self":[{"href":"http:\/\/fmdelpueblo.ar\/index.php?rest_route=\/wp\/v2\/posts\/12903","targetHints":{"allow":["GET"]}}],"collection":[{"href":"http:\/\/fmdelpueblo.ar\/index.php?rest_route=\/wp\/v2\/posts"}],"about":[{"href":"http:\/\/fmdelpueblo.ar\/index.php?rest_route=\/wp\/v2\/types\/post"}],"replies":[{"embeddable":true,"href":"http:\/\/fmdelpueblo.ar\/index.php?rest_route=%2Fwp%2Fv2%2Fcomments&post=12903"}],"version-history":[{"count":0,"href":"http:\/\/fmdelpueblo.ar\/index.php?rest_route=\/wp\/v2\/posts\/12903\/revisions"}],"wp:attachment":[{"href":"http:\/\/fmdelpueblo.ar\/index.php?rest_route=%2Fwp%2Fv2%2Fmedia&parent=12903"}],"wp:term":[{"taxonomy":"category","embeddable":true,"href":"http:\/\/fmdelpueblo.ar\/index.php?rest_route=%2Fwp%2Fv2%2Fcategories&post=12903"},{"taxonomy":"post_tag","embeddable":true,"href":"http:\/\/fmdelpueblo.ar\/index.php?rest_route=%2Fwp%2Fv2%2Ftags&post=12903"}],"curies":[{"name":"wp","href":"https:\/\/api.w.org\/{rel}","templated":true}]}}