{"id":12902,"date":"2022-04-16T01:11:43","date_gmt":"2022-04-16T01:11:43","guid":{"rendered":"http:\/\/fmdelpueblo.ar\/?p=12902"},"modified":"2022-04-16T01:11:43","modified_gmt":"2022-04-16T01:11:43","slug":"dia-internacional-del-malbec-por-que-es-la-cepa-mas-importante-del-pais","status":"publish","type":"post","link":"http:\/\/fmdelpueblo.ar\/?p=12902","title":{"rendered":"D\u00eda internacional del malbec: por qu\u00e9 es la cepa m\u00e1s importante del pa\u00eds"},"content":{"rendered":"<\/p>\n<p>Este domingo 17 de abril se celebra el \u201cD\u00eda Internacional del Malbec\u201d y Mendoza se prepara para brindar. La uva importada por Sarmiento desde Burdeos es reconocida como la gran cepa argentina. <a href=\"https:\/\/www.perfil.com\/noticias\/reperfilar\/por-que-es-tan-importante-el-malbec.phtml\">Leer m\u00e1s<\/a><\/p>\n","protected":false},"excerpt":{"rendered":"<p>Este domingo 17 de abril se celebra el \u201cD\u00eda Internacional del Malbec\u201d y Mendoza se prepara para brindar. La uva importada por Sarmiento desde Burdeos es reconocida como la gran cepa argentina. Leer m\u00e1s<\/p>\n","protected":false},"author":0,"featured_media":0,"comment_status":"","ping_status":"","sticky":false,"template":"","format":"standard","meta":{"footnotes":""},"categories":[1],"tags":[],"class_list":["post-12902","post","type-post","status-publish","format-standard","hentry","category-sin-categoria"],"_links":{"self":[{"href":"http:\/\/fmdelpueblo.ar\/index.php?rest_route=\/wp\/v2\/posts\/12902","targetHints":{"allow":["GET"]}}],"collection":[{"href":"http:\/\/fmdelpueblo.ar\/index.php?rest_route=\/wp\/v2\/posts"}],"about":[{"href":"http:\/\/fmdelpueblo.ar\/index.php?rest_route=\/wp\/v2\/types\/post"}],"replies":[{"embeddable":true,"href":"http:\/\/fmdelpueblo.ar\/index.php?rest_route=%2Fwp%2Fv2%2Fcomments&post=12902"}],"version-history":[{"count":0,"href":"http:\/\/fmdelpueblo.ar\/index.php?rest_route=\/wp\/v2\/posts\/12902\/revisions"}],"wp:attachment":[{"href":"http:\/\/fmdelpueblo.ar\/index.php?rest_route=%2Fwp%2Fv2%2Fmedia&parent=12902"}],"wp:term":[{"taxonomy":"category","embeddable":true,"href":"http:\/\/fmdelpueblo.ar\/index.php?rest_route=%2Fwp%2Fv2%2Fcategories&post=12902"},{"taxonomy":"post_tag","embeddable":true,"href":"http:\/\/fmdelpueblo.ar\/index.php?rest_route=%2Fwp%2Fv2%2Ftags&post=12902"}],"curies":[{"name":"wp","href":"https:\/\/api.w.org\/{rel}","templated":true}]}}