{"id":12901,"date":"2022-04-16T00:10:27","date_gmt":"2022-04-16T00:10:27","guid":{"rendered":"https:\/\/fmdelpueblo.ar\/?p=12901"},"modified":"2022-04-16T00:10:27","modified_gmt":"2022-04-16T00:10:27","slug":"cristina-kirchner-solicito-nuevamente-el-sobreseimiento-en-la-causa-de-la-ruta-del-dinero-k","status":"publish","type":"post","link":"http:\/\/fmdelpueblo.ar\/?p=12901","title":{"rendered":"Cristina Kirchner solicit\u00f3 nuevamente el sobreseimiento en la causa de la Ruta del Dinero K"},"content":{"rendered":"<\/p>\n<p>La defensa de la vicepresidenta consider\u00f3 que el cuadro probatorio actual lleva directamente a su desvinculaci\u00f3n de la causa. <a href=\"https:\/\/www.perfil.com\/noticias\/politica\/cristina-kirchner-solicito-nuevamente-el-sobreseimiento-de-la-causa-de-la-ruta-del-dinero.phtml\">Leer m\u00e1s<\/a><\/p>\n","protected":false},"excerpt":{"rendered":"<p>La defensa de la vicepresidenta consider\u00f3 que el cuadro probatorio actual lleva directamente a su desvinculaci\u00f3n de la causa. Leer m\u00e1s<\/p>\n","protected":false},"author":0,"featured_media":0,"comment_status":"","ping_status":"","sticky":false,"template":"","format":"standard","meta":{"footnotes":""},"categories":[1],"tags":[],"class_list":["post-12901","post","type-post","status-publish","format-standard","hentry","category-sin-categoria"],"_links":{"self":[{"href":"http:\/\/fmdelpueblo.ar\/index.php?rest_route=\/wp\/v2\/posts\/12901","targetHints":{"allow":["GET"]}}],"collection":[{"href":"http:\/\/fmdelpueblo.ar\/index.php?rest_route=\/wp\/v2\/posts"}],"about":[{"href":"http:\/\/fmdelpueblo.ar\/index.php?rest_route=\/wp\/v2\/types\/post"}],"replies":[{"embeddable":true,"href":"http:\/\/fmdelpueblo.ar\/index.php?rest_route=%2Fwp%2Fv2%2Fcomments&post=12901"}],"version-history":[{"count":0,"href":"http:\/\/fmdelpueblo.ar\/index.php?rest_route=\/wp\/v2\/posts\/12901\/revisions"}],"wp:attachment":[{"href":"http:\/\/fmdelpueblo.ar\/index.php?rest_route=%2Fwp%2Fv2%2Fmedia&parent=12901"}],"wp:term":[{"taxonomy":"category","embeddable":true,"href":"http:\/\/fmdelpueblo.ar\/index.php?rest_route=%2Fwp%2Fv2%2Fcategories&post=12901"},{"taxonomy":"post_tag","embeddable":true,"href":"http:\/\/fmdelpueblo.ar\/index.php?rest_route=%2Fwp%2Fv2%2Ftags&post=12901"}],"curies":[{"name":"wp","href":"https:\/\/api.w.org\/{rel}","templated":true}]}}