{"id":12900,"date":"2022-04-16T00:10:27","date_gmt":"2022-04-16T00:10:27","guid":{"rendered":"https:\/\/fmdelpueblo.ar\/?p=12900"},"modified":"2022-04-16T00:10:27","modified_gmt":"2022-04-16T00:10:27","slug":"analista-ucraniano-se-esta-hablando-de-un-posible-ataque-a-edificios-publicos-en-kiev","status":"publish","type":"post","link":"http:\/\/fmdelpueblo.ar\/?p=12900","title":{"rendered":"Analista ucraniano: \u00abSe est\u00e1 hablando de un posible ataque a edificios p\u00fablicos en Kiev\u00bb"},"content":{"rendered":"<\/p>\n<p>Oleksandr Slyvchuk, analista pol\u00edtico desde Kiev, asegur\u00f3 que el grueso de las tropas rusas se encuentran en el frente oriental del pa\u00eds y que la venganza por parte de los rusos \u00abpuede llegar en cualquier momento\u00bb. <a href=\"https:\/\/www.perfil.com\/noticias\/reperfilar\/analista-ucraniano-se-esta-hablando-de-un-posible-ataque-a-edificios-publicos-en-kiev.phtml\">Leer m\u00e1s<\/a><\/p>\n","protected":false},"excerpt":{"rendered":"<p>Oleksandr Slyvchuk, analista pol\u00edtico desde Kiev, asegur\u00f3 que el grueso de las tropas rusas se encuentran en el frente oriental del pa\u00eds y que la venganza por parte de los rusos \u00abpuede llegar en cualquier momento\u00bb. Leer m\u00e1s<\/p>\n","protected":false},"author":0,"featured_media":0,"comment_status":"","ping_status":"","sticky":false,"template":"","format":"standard","meta":{"footnotes":""},"categories":[1],"tags":[],"class_list":["post-12900","post","type-post","status-publish","format-standard","hentry","category-sin-categoria"],"_links":{"self":[{"href":"http:\/\/fmdelpueblo.ar\/index.php?rest_route=\/wp\/v2\/posts\/12900","targetHints":{"allow":["GET"]}}],"collection":[{"href":"http:\/\/fmdelpueblo.ar\/index.php?rest_route=\/wp\/v2\/posts"}],"about":[{"href":"http:\/\/fmdelpueblo.ar\/index.php?rest_route=\/wp\/v2\/types\/post"}],"replies":[{"embeddable":true,"href":"http:\/\/fmdelpueblo.ar\/index.php?rest_route=%2Fwp%2Fv2%2Fcomments&post=12900"}],"version-history":[{"count":0,"href":"http:\/\/fmdelpueblo.ar\/index.php?rest_route=\/wp\/v2\/posts\/12900\/revisions"}],"wp:attachment":[{"href":"http:\/\/fmdelpueblo.ar\/index.php?rest_route=%2Fwp%2Fv2%2Fmedia&parent=12900"}],"wp:term":[{"taxonomy":"category","embeddable":true,"href":"http:\/\/fmdelpueblo.ar\/index.php?rest_route=%2Fwp%2Fv2%2Fcategories&post=12900"},{"taxonomy":"post_tag","embeddable":true,"href":"http:\/\/fmdelpueblo.ar\/index.php?rest_route=%2Fwp%2Fv2%2Ftags&post=12900"}],"curies":[{"name":"wp","href":"https:\/\/api.w.org\/{rel}","templated":true}]}}