{"id":129,"date":"2021-10-26T03:10:01","date_gmt":"2021-10-26T03:10:01","guid":{"rendered":"https:\/\/fmdelpueblo.ar\/?p=129"},"modified":"2021-10-26T03:10:01","modified_gmt":"2021-10-26T03:10:01","slug":"fernando-iglesias-pedira-el-juicio-politico-contra-anibal-fernandez-se-metio-con-nik-la-daia-y-rio-negro","status":"publish","type":"post","link":"http:\/\/fmdelpueblo.ar\/?p=129","title":{"rendered":"Fernando Iglesias pedir\u00e1 el juicio pol\u00edtico contra An\u00edbal Fern\u00e1ndez: \u00abSe meti\u00f3 con Nik, la DAIA y Rio Negro\u00bb"},"content":{"rendered":"<\/p>\n<p>Sobre el conflicto mapuche en la provincia gobernada por Arabela Carreas, el diputado nacional de Juntos por el Cambio dijo no querer \u00abpr\u00f3rroga de esta emergencia territorial ind\u00edgena porque en manos del kirchnerismo es m\u00e1s que peligroso\u00bb. <a href=\"https:\/\/www.perfil.com\/noticias\/politica\/fernando-iglesias-reivindic-juicio-politico-contra-anibal-fernandez-se-metio-con-nik-daia-y-rio-negro.phtml\">Leer m\u00e1s<\/a><\/p>\n","protected":false},"excerpt":{"rendered":"<p>Sobre el conflicto mapuche en la provincia gobernada por Arabela Carreas, el diputado nacional de Juntos por el Cambio dijo no querer \u00abpr\u00f3rroga de esta emergencia territorial ind\u00edgena porque en manos del kirchnerismo es m\u00e1s que peligroso\u00bb. Leer m\u00e1s<\/p>\n","protected":false},"author":0,"featured_media":0,"comment_status":"","ping_status":"","sticky":false,"template":"","format":"standard","meta":{"footnotes":""},"categories":[1],"tags":[],"class_list":["post-129","post","type-post","status-publish","format-standard","hentry","category-sin-categoria"],"_links":{"self":[{"href":"http:\/\/fmdelpueblo.ar\/index.php?rest_route=\/wp\/v2\/posts\/129","targetHints":{"allow":["GET"]}}],"collection":[{"href":"http:\/\/fmdelpueblo.ar\/index.php?rest_route=\/wp\/v2\/posts"}],"about":[{"href":"http:\/\/fmdelpueblo.ar\/index.php?rest_route=\/wp\/v2\/types\/post"}],"replies":[{"embeddable":true,"href":"http:\/\/fmdelpueblo.ar\/index.php?rest_route=%2Fwp%2Fv2%2Fcomments&post=129"}],"version-history":[{"count":0,"href":"http:\/\/fmdelpueblo.ar\/index.php?rest_route=\/wp\/v2\/posts\/129\/revisions"}],"wp:attachment":[{"href":"http:\/\/fmdelpueblo.ar\/index.php?rest_route=%2Fwp%2Fv2%2Fmedia&parent=129"}],"wp:term":[{"taxonomy":"category","embeddable":true,"href":"http:\/\/fmdelpueblo.ar\/index.php?rest_route=%2Fwp%2Fv2%2Fcategories&post=129"},{"taxonomy":"post_tag","embeddable":true,"href":"http:\/\/fmdelpueblo.ar\/index.php?rest_route=%2Fwp%2Fv2%2Ftags&post=129"}],"curies":[{"name":"wp","href":"https:\/\/api.w.org\/{rel}","templated":true}]}}