{"id":12899,"date":"2022-04-16T00:10:27","date_gmt":"2022-04-16T00:10:27","guid":{"rendered":"https:\/\/fmdelpueblo.ar\/?p=12899"},"modified":"2022-04-16T00:10:27","modified_gmt":"2022-04-16T00:10:27","slug":"se-perdieron-500-mil-toneladas-de-soja-por-heladas-tempranas-en-la-region-nucleo","status":"publish","type":"post","link":"http:\/\/fmdelpueblo.ar\/?p=12899","title":{"rendered":"Se perdieron 500 mil toneladas de soja por heladas tempranas en la Regi\u00f3n N\u00facleo"},"content":{"rendered":"<\/p>\n<p>El fen\u00f3meno clim\u00e1tico provoc\u00f3 mermas de rendimiento entre 10% y 20%, con algunos lotes donde la desecaci\u00f3n del cultivo es total. <a href=\"https:\/\/www.perfil.com\/noticias\/agro\/se-perderan-500-mil-toneladas-de-soja-por-heladas-tempranas-en-la-region-nucleo.phtml\">Leer m\u00e1s<\/a><\/p>\n","protected":false},"excerpt":{"rendered":"<p>El fen\u00f3meno clim\u00e1tico provoc\u00f3 mermas de rendimiento entre 10% y 20%, con algunos lotes donde la desecaci\u00f3n del cultivo es total. Leer m\u00e1s<\/p>\n","protected":false},"author":0,"featured_media":0,"comment_status":"","ping_status":"","sticky":false,"template":"","format":"standard","meta":{"footnotes":""},"categories":[1],"tags":[],"class_list":["post-12899","post","type-post","status-publish","format-standard","hentry","category-sin-categoria"],"_links":{"self":[{"href":"http:\/\/fmdelpueblo.ar\/index.php?rest_route=\/wp\/v2\/posts\/12899","targetHints":{"allow":["GET"]}}],"collection":[{"href":"http:\/\/fmdelpueblo.ar\/index.php?rest_route=\/wp\/v2\/posts"}],"about":[{"href":"http:\/\/fmdelpueblo.ar\/index.php?rest_route=\/wp\/v2\/types\/post"}],"replies":[{"embeddable":true,"href":"http:\/\/fmdelpueblo.ar\/index.php?rest_route=%2Fwp%2Fv2%2Fcomments&post=12899"}],"version-history":[{"count":0,"href":"http:\/\/fmdelpueblo.ar\/index.php?rest_route=\/wp\/v2\/posts\/12899\/revisions"}],"wp:attachment":[{"href":"http:\/\/fmdelpueblo.ar\/index.php?rest_route=%2Fwp%2Fv2%2Fmedia&parent=12899"}],"wp:term":[{"taxonomy":"category","embeddable":true,"href":"http:\/\/fmdelpueblo.ar\/index.php?rest_route=%2Fwp%2Fv2%2Fcategories&post=12899"},{"taxonomy":"post_tag","embeddable":true,"href":"http:\/\/fmdelpueblo.ar\/index.php?rest_route=%2Fwp%2Fv2%2Ftags&post=12899"}],"curies":[{"name":"wp","href":"https:\/\/api.w.org\/{rel}","templated":true}]}}