{"id":12896,"date":"2022-04-15T23:10:39","date_gmt":"2022-04-15T23:10:39","guid":{"rendered":"https:\/\/fmdelpueblo.ar\/?p=12896"},"modified":"2022-04-15T23:10:39","modified_gmt":"2022-04-15T23:10:39","slug":"el-movimiento-turistico-en-semana-santa-marco-un-nuevo-record","status":"publish","type":"post","link":"http:\/\/fmdelpueblo.ar\/?p=12896","title":{"rendered":"El movimiento tur\u00edstico en Semana Santa marc\u00f3 un nuevo r\u00e9cord"},"content":{"rendered":"<\/p>\n<p>Los niveles de ocupaci\u00f3n hotelera en la mayor\u00eda de los destinos ronda el 90 por ciento debido, en gran parte, al programa PreViaje. <a href=\"https:\/\/www.perfil.com\/noticias\/economia\/el-movimiento-turistico-en-semana-santa-marco-un-nuevo-record.phtml\">Leer m\u00e1s<\/a><\/p>\n","protected":false},"excerpt":{"rendered":"<p>Los niveles de ocupaci\u00f3n hotelera en la mayor\u00eda de los destinos ronda el 90 por ciento debido, en gran parte, al programa PreViaje. Leer m\u00e1s<\/p>\n","protected":false},"author":0,"featured_media":0,"comment_status":"","ping_status":"","sticky":false,"template":"","format":"standard","meta":{"footnotes":""},"categories":[1],"tags":[],"class_list":["post-12896","post","type-post","status-publish","format-standard","hentry","category-sin-categoria"],"_links":{"self":[{"href":"http:\/\/fmdelpueblo.ar\/index.php?rest_route=\/wp\/v2\/posts\/12896","targetHints":{"allow":["GET"]}}],"collection":[{"href":"http:\/\/fmdelpueblo.ar\/index.php?rest_route=\/wp\/v2\/posts"}],"about":[{"href":"http:\/\/fmdelpueblo.ar\/index.php?rest_route=\/wp\/v2\/types\/post"}],"replies":[{"embeddable":true,"href":"http:\/\/fmdelpueblo.ar\/index.php?rest_route=%2Fwp%2Fv2%2Fcomments&post=12896"}],"version-history":[{"count":0,"href":"http:\/\/fmdelpueblo.ar\/index.php?rest_route=\/wp\/v2\/posts\/12896\/revisions"}],"wp:attachment":[{"href":"http:\/\/fmdelpueblo.ar\/index.php?rest_route=%2Fwp%2Fv2%2Fmedia&parent=12896"}],"wp:term":[{"taxonomy":"category","embeddable":true,"href":"http:\/\/fmdelpueblo.ar\/index.php?rest_route=%2Fwp%2Fv2%2Fcategories&post=12896"},{"taxonomy":"post_tag","embeddable":true,"href":"http:\/\/fmdelpueblo.ar\/index.php?rest_route=%2Fwp%2Fv2%2Ftags&post=12896"}],"curies":[{"name":"wp","href":"https:\/\/api.w.org\/{rel}","templated":true}]}}