{"id":12891,"date":"2022-04-15T21:09:16","date_gmt":"2022-04-15T21:09:16","guid":{"rendered":"https:\/\/fmdelpueblo.ar\/?p=12891"},"modified":"2022-04-15T21:09:16","modified_gmt":"2022-04-15T21:09:16","slug":"jair-bolsonaro-quiere-que-se-defienda-a-moscu-en-el-g20-de-washington","status":"publish","type":"post","link":"http:\/\/fmdelpueblo.ar\/?p=12891","title":{"rendered":"Jair Bolsonaro quiere que se defienda a Mosc\u00fa en el G20 de Washington"},"content":{"rendered":"<\/p>\n<p>Un comunicado del ministro de Econom\u00eda brasile\u00f1o confirma que defender\u00e1n \u201cuna posici\u00f3n de di\u00e1logo\u201d con Rusia en la reuni\u00f3n ministerial del G20, la pr\u00f3xima semana en Washington, \u00a0en simult\u00e1neo con la asamblea del Fondo Monetario Internacional y del Banco Mundial. <a href=\"https:\/\/www.perfil.com\/noticias\/internacional\/brasil-parece-mas-cerca-moscu-washington.phtml\">Leer m\u00e1s<\/a><\/p>\n","protected":false},"excerpt":{"rendered":"<p>Un comunicado del ministro de Econom\u00eda brasile\u00f1o confirma que defender\u00e1n \u201cuna posici\u00f3n de di\u00e1logo\u201d con Rusia en la reuni\u00f3n ministerial del G20, la pr\u00f3xima semana en Washington, \u00a0en simult\u00e1neo con la asamblea del Fondo Monetario Internacional y del Banco Mundial. Leer m\u00e1s<\/p>\n","protected":false},"author":0,"featured_media":0,"comment_status":"","ping_status":"","sticky":false,"template":"","format":"standard","meta":{"footnotes":""},"categories":[1],"tags":[],"class_list":["post-12891","post","type-post","status-publish","format-standard","hentry","category-sin-categoria"],"_links":{"self":[{"href":"http:\/\/fmdelpueblo.ar\/index.php?rest_route=\/wp\/v2\/posts\/12891","targetHints":{"allow":["GET"]}}],"collection":[{"href":"http:\/\/fmdelpueblo.ar\/index.php?rest_route=\/wp\/v2\/posts"}],"about":[{"href":"http:\/\/fmdelpueblo.ar\/index.php?rest_route=\/wp\/v2\/types\/post"}],"replies":[{"embeddable":true,"href":"http:\/\/fmdelpueblo.ar\/index.php?rest_route=%2Fwp%2Fv2%2Fcomments&post=12891"}],"version-history":[{"count":0,"href":"http:\/\/fmdelpueblo.ar\/index.php?rest_route=\/wp\/v2\/posts\/12891\/revisions"}],"wp:attachment":[{"href":"http:\/\/fmdelpueblo.ar\/index.php?rest_route=%2Fwp%2Fv2%2Fmedia&parent=12891"}],"wp:term":[{"taxonomy":"category","embeddable":true,"href":"http:\/\/fmdelpueblo.ar\/index.php?rest_route=%2Fwp%2Fv2%2Fcategories&post=12891"},{"taxonomy":"post_tag","embeddable":true,"href":"http:\/\/fmdelpueblo.ar\/index.php?rest_route=%2Fwp%2Fv2%2Ftags&post=12891"}],"curies":[{"name":"wp","href":"https:\/\/api.w.org\/{rel}","templated":true}]}}