{"id":12889,"date":"2022-04-15T21:09:16","date_gmt":"2022-04-15T21:09:16","guid":{"rendered":"https:\/\/fmdelpueblo.ar\/?p=12889"},"modified":"2022-04-15T21:09:16","modified_gmt":"2022-04-15T21:09:16","slug":"el-primer-via-crucis-tras-dos-anos-de-pandemia-una-mujer-ucraniana-y-una-rusa-cargaronla-cruz-en-la-procesion","status":"publish","type":"post","link":"http:\/\/fmdelpueblo.ar\/?p=12889","title":{"rendered":"El primer V\u00eda Crucis tras dos a\u00f1os de pandemia: una mujer ucraniana y una rusa cargaronla cruz en la procesi\u00f3n"},"content":{"rendered":"<\/p>\n<p>Pese a que el motivo de las meditaciones del Viernes Santo fue la familia, la guerra en Europa cumpli\u00f3 un rol central en V\u00eda Crucis 2022. <a href=\"https:\/\/www.perfil.com\/noticias\/internacional\/el-primer-via-crucis-tras-dos-anos-de-pandemia-una-mujer-ucraniana-y-una-rusa-cargan-la-cruz-en-la-procesion.phtml\">Leer m\u00e1s<\/a><\/p>\n","protected":false},"excerpt":{"rendered":"<p>Pese a que el motivo de las meditaciones del Viernes Santo fue la familia, la guerra en Europa cumpli\u00f3 un rol central en V\u00eda Crucis 2022. Leer m\u00e1s<\/p>\n","protected":false},"author":0,"featured_media":0,"comment_status":"","ping_status":"","sticky":false,"template":"","format":"standard","meta":{"footnotes":""},"categories":[1],"tags":[],"class_list":["post-12889","post","type-post","status-publish","format-standard","hentry","category-sin-categoria"],"_links":{"self":[{"href":"http:\/\/fmdelpueblo.ar\/index.php?rest_route=\/wp\/v2\/posts\/12889","targetHints":{"allow":["GET"]}}],"collection":[{"href":"http:\/\/fmdelpueblo.ar\/index.php?rest_route=\/wp\/v2\/posts"}],"about":[{"href":"http:\/\/fmdelpueblo.ar\/index.php?rest_route=\/wp\/v2\/types\/post"}],"replies":[{"embeddable":true,"href":"http:\/\/fmdelpueblo.ar\/index.php?rest_route=%2Fwp%2Fv2%2Fcomments&post=12889"}],"version-history":[{"count":0,"href":"http:\/\/fmdelpueblo.ar\/index.php?rest_route=\/wp\/v2\/posts\/12889\/revisions"}],"wp:attachment":[{"href":"http:\/\/fmdelpueblo.ar\/index.php?rest_route=%2Fwp%2Fv2%2Fmedia&parent=12889"}],"wp:term":[{"taxonomy":"category","embeddable":true,"href":"http:\/\/fmdelpueblo.ar\/index.php?rest_route=%2Fwp%2Fv2%2Fcategories&post=12889"},{"taxonomy":"post_tag","embeddable":true,"href":"http:\/\/fmdelpueblo.ar\/index.php?rest_route=%2Fwp%2Fv2%2Ftags&post=12889"}],"curies":[{"name":"wp","href":"https:\/\/api.w.org\/{rel}","templated":true}]}}