{"id":12888,"date":"2022-04-15T20:09:03","date_gmt":"2022-04-15T20:09:03","guid":{"rendered":"http:\/\/fmdelpueblo.ar\/?p=12888"},"modified":"2022-04-15T20:09:03","modified_gmt":"2022-04-15T20:09:03","slug":"el-lunes-18-de-abril-comenzaran-los-peritajes-de-los-datos-biometricos-en-la-ciudad-de-buenos-aires","status":"publish","type":"post","link":"http:\/\/fmdelpueblo.ar\/?p=12888","title":{"rendered":"El lunes 18 de abril comenzar\u00e1n los peritajes de los datos biom\u00e9tricos en la Ciudad de Buenos Aires"},"content":{"rendered":"<\/p>\n<p>Se realizar\u00e1 la extracci\u00f3n de datos de los servidores del gobierno porte\u00f1o en el marco de la causa que investiga la solicitud de datos biom\u00e9tricos de casi diez millones de personas desde el Ministerio de Seguridad porte\u00f1o al Renaper y la orden de un juez que pidi\u00f3 suspender el reconocimiento biom\u00e9trico. <a href=\"https:\/\/www.perfil.com\/noticias\/politica\/lunes-18-abril-comenzaran-peritajes-datos-biometricos-caba.phtml\">Leer m\u00e1s<\/a><\/p>\n","protected":false},"excerpt":{"rendered":"<p>Se realizar\u00e1 la extracci\u00f3n de datos de los servidores del gobierno porte\u00f1o en el marco de la causa que investiga la solicitud de datos biom\u00e9tricos de casi diez millones de personas desde el Ministerio de Seguridad porte\u00f1o al Renaper y la orden de un juez que pidi\u00f3 suspender el reconocimiento biom\u00e9trico. Leer m\u00e1s<\/p>\n","protected":false},"author":0,"featured_media":0,"comment_status":"","ping_status":"","sticky":false,"template":"","format":"standard","meta":{"footnotes":""},"categories":[1],"tags":[],"class_list":["post-12888","post","type-post","status-publish","format-standard","hentry","category-sin-categoria"],"_links":{"self":[{"href":"http:\/\/fmdelpueblo.ar\/index.php?rest_route=\/wp\/v2\/posts\/12888","targetHints":{"allow":["GET"]}}],"collection":[{"href":"http:\/\/fmdelpueblo.ar\/index.php?rest_route=\/wp\/v2\/posts"}],"about":[{"href":"http:\/\/fmdelpueblo.ar\/index.php?rest_route=\/wp\/v2\/types\/post"}],"replies":[{"embeddable":true,"href":"http:\/\/fmdelpueblo.ar\/index.php?rest_route=%2Fwp%2Fv2%2Fcomments&post=12888"}],"version-history":[{"count":0,"href":"http:\/\/fmdelpueblo.ar\/index.php?rest_route=\/wp\/v2\/posts\/12888\/revisions"}],"wp:attachment":[{"href":"http:\/\/fmdelpueblo.ar\/index.php?rest_route=%2Fwp%2Fv2%2Fmedia&parent=12888"}],"wp:term":[{"taxonomy":"category","embeddable":true,"href":"http:\/\/fmdelpueblo.ar\/index.php?rest_route=%2Fwp%2Fv2%2Fcategories&post=12888"},{"taxonomy":"post_tag","embeddable":true,"href":"http:\/\/fmdelpueblo.ar\/index.php?rest_route=%2Fwp%2Fv2%2Ftags&post=12888"}],"curies":[{"name":"wp","href":"https:\/\/api.w.org\/{rel}","templated":true}]}}