{"id":12883,"date":"2022-04-15T19:09:18","date_gmt":"2022-04-15T19:09:18","guid":{"rendered":"https:\/\/fmdelpueblo.ar\/?p=12883"},"modified":"2022-04-15T19:09:18","modified_gmt":"2022-04-15T19:09:18","slug":"avanza-el-debate-por-la-ley-de-alquileres-en-la-camara-de-diputados","status":"publish","type":"post","link":"http:\/\/fmdelpueblo.ar\/?p=12883","title":{"rendered":"Avanza el debate por la Ley de Alquileres en la C\u00e1mara de Diputados"},"content":{"rendered":"<\/p>\n<p>La comisi\u00f3n de Legislaci\u00f3n General escuchar\u00e1 a 43 organizaciones relacionadas con el sector inmobiliario y los inquilinos. <a href=\"https:\/\/www.perfil.com\/noticias\/politica\/avanza-el-debate-por-la-ley-de-alquileres-en-la-camara-de-diputados.phtml\">Leer m\u00e1s<\/a><\/p>\n","protected":false},"excerpt":{"rendered":"<p>La comisi\u00f3n de Legislaci\u00f3n General escuchar\u00e1 a 43 organizaciones relacionadas con el sector inmobiliario y los inquilinos. Leer m\u00e1s<\/p>\n","protected":false},"author":0,"featured_media":0,"comment_status":"","ping_status":"","sticky":false,"template":"","format":"standard","meta":{"footnotes":""},"categories":[1],"tags":[],"class_list":["post-12883","post","type-post","status-publish","format-standard","hentry","category-sin-categoria"],"_links":{"self":[{"href":"http:\/\/fmdelpueblo.ar\/index.php?rest_route=\/wp\/v2\/posts\/12883","targetHints":{"allow":["GET"]}}],"collection":[{"href":"http:\/\/fmdelpueblo.ar\/index.php?rest_route=\/wp\/v2\/posts"}],"about":[{"href":"http:\/\/fmdelpueblo.ar\/index.php?rest_route=\/wp\/v2\/types\/post"}],"replies":[{"embeddable":true,"href":"http:\/\/fmdelpueblo.ar\/index.php?rest_route=%2Fwp%2Fv2%2Fcomments&post=12883"}],"version-history":[{"count":0,"href":"http:\/\/fmdelpueblo.ar\/index.php?rest_route=\/wp\/v2\/posts\/12883\/revisions"}],"wp:attachment":[{"href":"http:\/\/fmdelpueblo.ar\/index.php?rest_route=%2Fwp%2Fv2%2Fmedia&parent=12883"}],"wp:term":[{"taxonomy":"category","embeddable":true,"href":"http:\/\/fmdelpueblo.ar\/index.php?rest_route=%2Fwp%2Fv2%2Fcategories&post=12883"},{"taxonomy":"post_tag","embeddable":true,"href":"http:\/\/fmdelpueblo.ar\/index.php?rest_route=%2Fwp%2Fv2%2Ftags&post=12883"}],"curies":[{"name":"wp","href":"https:\/\/api.w.org\/{rel}","templated":true}]}}