{"id":12879,"date":"2022-04-15T19:09:17","date_gmt":"2022-04-15T19:09:17","guid":{"rendered":"https:\/\/fmdelpueblo.ar\/?p=12879"},"modified":"2022-04-15T19:09:17","modified_gmt":"2022-04-15T19:09:17","slug":"martin-guzman-viaja-a-estados-unidos-para-reunirse-con-funcionarios-del-fmi","status":"publish","type":"post","link":"http:\/\/fmdelpueblo.ar\/?p=12879","title":{"rendered":"Mart\u00edn Guzm\u00e1n viaja a Estados Unidos para reunirse con funcionarios del FMI"},"content":{"rendered":"<\/p>\n<p>El ministro de Econom\u00eda ir\u00e1 acompa\u00f1ado por el presidente del Banco Central, Miguel Pesce, para mantener el primer encuentro con el organismo internacional luego del acuerdo con el gobierno nacional. <a href=\"https:\/\/www.perfil.com\/noticias\/economia\/martin-guzman-viaja-a-estados-unidos-para-reunirse-con-funcionarios-del-fmi.phtml\">Leer m\u00e1s<\/a><\/p>\n","protected":false},"excerpt":{"rendered":"<p>El ministro de Econom\u00eda ir\u00e1 acompa\u00f1ado por el presidente del Banco Central, Miguel Pesce, para mantener el primer encuentro con el organismo internacional luego del acuerdo con el gobierno nacional. Leer m\u00e1s<\/p>\n","protected":false},"author":0,"featured_media":0,"comment_status":"","ping_status":"","sticky":false,"template":"","format":"standard","meta":{"footnotes":""},"categories":[1],"tags":[],"class_list":["post-12879","post","type-post","status-publish","format-standard","hentry","category-sin-categoria"],"_links":{"self":[{"href":"http:\/\/fmdelpueblo.ar\/index.php?rest_route=\/wp\/v2\/posts\/12879","targetHints":{"allow":["GET"]}}],"collection":[{"href":"http:\/\/fmdelpueblo.ar\/index.php?rest_route=\/wp\/v2\/posts"}],"about":[{"href":"http:\/\/fmdelpueblo.ar\/index.php?rest_route=\/wp\/v2\/types\/post"}],"replies":[{"embeddable":true,"href":"http:\/\/fmdelpueblo.ar\/index.php?rest_route=%2Fwp%2Fv2%2Fcomments&post=12879"}],"version-history":[{"count":0,"href":"http:\/\/fmdelpueblo.ar\/index.php?rest_route=\/wp\/v2\/posts\/12879\/revisions"}],"wp:attachment":[{"href":"http:\/\/fmdelpueblo.ar\/index.php?rest_route=%2Fwp%2Fv2%2Fmedia&parent=12879"}],"wp:term":[{"taxonomy":"category","embeddable":true,"href":"http:\/\/fmdelpueblo.ar\/index.php?rest_route=%2Fwp%2Fv2%2Fcategories&post=12879"},{"taxonomy":"post_tag","embeddable":true,"href":"http:\/\/fmdelpueblo.ar\/index.php?rest_route=%2Fwp%2Fv2%2Ftags&post=12879"}],"curies":[{"name":"wp","href":"https:\/\/api.w.org\/{rel}","templated":true}]}}