{"id":12877,"date":"2022-04-15T19:09:17","date_gmt":"2022-04-15T19:09:17","guid":{"rendered":"https:\/\/fmdelpueblo.ar\/?p=12877"},"modified":"2022-04-15T19:09:17","modified_gmt":"2022-04-15T19:09:17","slug":"alberto-samid-en-libertad-cuestiono-la-grieta-en-el-oficialismo-el-problema-es-que-nos-roban-la-riqueza","status":"publish","type":"post","link":"http:\/\/fmdelpueblo.ar\/?p=12877","title":{"rendered":"Alberto Samid, en libertad, cuestion\u00f3 la grieta en el oficialismo: \u00abEl problema es que nos roban la riqueza\u00bb"},"content":{"rendered":"<\/p>\n<p>El empresario de la carne qued\u00f3 en libertad en la causa que lo acus\u00f3 de liderar una asociaci\u00f3n il\u00edcita. Llam\u00f3 a la unidad del peronismo y a una alianza con el radicalismo.<br \/>\n <a href=\"https:\/\/www.perfil.com\/noticias\/politica\/alberto-samid-libre-el-puterio-de-alberto-y-cristina-es-una-boludez-aca-el-problema-es-que-nos-roban-la-riqueza.phtml\">Leer m\u00e1s<\/a><\/p>\n","protected":false},"excerpt":{"rendered":"<p>El empresario de la carne qued\u00f3 en libertad en la causa que lo acus\u00f3 de liderar una asociaci\u00f3n il\u00edcita. Llam\u00f3 a la unidad del peronismo y a una alianza con el radicalismo. Leer m\u00e1s<\/p>\n","protected":false},"author":0,"featured_media":0,"comment_status":"","ping_status":"","sticky":false,"template":"","format":"standard","meta":{"footnotes":""},"categories":[1],"tags":[],"class_list":["post-12877","post","type-post","status-publish","format-standard","hentry","category-sin-categoria"],"_links":{"self":[{"href":"http:\/\/fmdelpueblo.ar\/index.php?rest_route=\/wp\/v2\/posts\/12877","targetHints":{"allow":["GET"]}}],"collection":[{"href":"http:\/\/fmdelpueblo.ar\/index.php?rest_route=\/wp\/v2\/posts"}],"about":[{"href":"http:\/\/fmdelpueblo.ar\/index.php?rest_route=\/wp\/v2\/types\/post"}],"replies":[{"embeddable":true,"href":"http:\/\/fmdelpueblo.ar\/index.php?rest_route=%2Fwp%2Fv2%2Fcomments&post=12877"}],"version-history":[{"count":0,"href":"http:\/\/fmdelpueblo.ar\/index.php?rest_route=\/wp\/v2\/posts\/12877\/revisions"}],"wp:attachment":[{"href":"http:\/\/fmdelpueblo.ar\/index.php?rest_route=%2Fwp%2Fv2%2Fmedia&parent=12877"}],"wp:term":[{"taxonomy":"category","embeddable":true,"href":"http:\/\/fmdelpueblo.ar\/index.php?rest_route=%2Fwp%2Fv2%2Fcategories&post=12877"},{"taxonomy":"post_tag","embeddable":true,"href":"http:\/\/fmdelpueblo.ar\/index.php?rest_route=%2Fwp%2Fv2%2Ftags&post=12877"}],"curies":[{"name":"wp","href":"https:\/\/api.w.org\/{rel}","templated":true}]}}