{"id":12873,"date":"2022-04-15T15:11:33","date_gmt":"2022-04-15T15:11:33","guid":{"rendered":"https:\/\/fmdelpueblo.ar\/?p=12873"},"modified":"2022-04-15T15:11:33","modified_gmt":"2022-04-15T15:11:33","slug":"un-joven-tiro-piedras-a-un-auto-para-robarle-y-lo-mataron-de-un-disparo","status":"publish","type":"post","link":"http:\/\/fmdelpueblo.ar\/?p=12873","title":{"rendered":"Un joven tir\u00f3 piedras a un auto para robarle y lo mataron de un disparo"},"content":{"rendered":"<\/p>\n<p>Los delincuentes atacaron a dos autos que viajaban juntos, pero uno de los conductores llevaba un arma y dispar\u00f3 para defender a quienes iban con \u00e9l. <a href=\"https:\/\/www.perfil.com\/noticias\/sociedad\/un-joven-tiro-piedras-a-un-auto-para-robarle-y-lo-mataron-de-un-disparo.phtml\">Leer m\u00e1s<\/a><\/p>\n","protected":false},"excerpt":{"rendered":"<p>Los delincuentes atacaron a dos autos que viajaban juntos, pero uno de los conductores llevaba un arma y dispar\u00f3 para defender a quienes iban con \u00e9l. Leer m\u00e1s<\/p>\n","protected":false},"author":0,"featured_media":0,"comment_status":"","ping_status":"","sticky":false,"template":"","format":"standard","meta":{"footnotes":""},"categories":[1],"tags":[],"class_list":["post-12873","post","type-post","status-publish","format-standard","hentry","category-sin-categoria"],"_links":{"self":[{"href":"http:\/\/fmdelpueblo.ar\/index.php?rest_route=\/wp\/v2\/posts\/12873","targetHints":{"allow":["GET"]}}],"collection":[{"href":"http:\/\/fmdelpueblo.ar\/index.php?rest_route=\/wp\/v2\/posts"}],"about":[{"href":"http:\/\/fmdelpueblo.ar\/index.php?rest_route=\/wp\/v2\/types\/post"}],"replies":[{"embeddable":true,"href":"http:\/\/fmdelpueblo.ar\/index.php?rest_route=%2Fwp%2Fv2%2Fcomments&post=12873"}],"version-history":[{"count":0,"href":"http:\/\/fmdelpueblo.ar\/index.php?rest_route=\/wp\/v2\/posts\/12873\/revisions"}],"wp:attachment":[{"href":"http:\/\/fmdelpueblo.ar\/index.php?rest_route=%2Fwp%2Fv2%2Fmedia&parent=12873"}],"wp:term":[{"taxonomy":"category","embeddable":true,"href":"http:\/\/fmdelpueblo.ar\/index.php?rest_route=%2Fwp%2Fv2%2Fcategories&post=12873"},{"taxonomy":"post_tag","embeddable":true,"href":"http:\/\/fmdelpueblo.ar\/index.php?rest_route=%2Fwp%2Fv2%2Ftags&post=12873"}],"curies":[{"name":"wp","href":"https:\/\/api.w.org\/{rel}","templated":true}]}}