{"id":12871,"date":"2022-04-15T15:11:33","date_gmt":"2022-04-15T15:11:33","guid":{"rendered":"https:\/\/fmdelpueblo.ar\/?p=12871"},"modified":"2022-04-15T15:11:33","modified_gmt":"2022-04-15T15:11:33","slug":"ife-para-monotributistas-estudian-un-nuevo-bono-financiado-con-la-renta-extraordinaria","status":"publish","type":"post","link":"http:\/\/fmdelpueblo.ar\/?p=12871","title":{"rendered":"\u00bfIFE para monotributistas?: estudian un nuevo bono financiado con la \u00abrenta extraordinaria\u00bb"},"content":{"rendered":"<\/p>\n<p>Una de las ideas del Gobierno para compensar los aumentos de precios es beneficiar a los trabajadores informales con los fondos que se recauden del eventual aporte anunciado por el ministro de Econom\u00eda Mart\u00edn Guzm\u00e1n. <a href=\"https:\/\/www.perfil.com\/noticias\/economia\/se-viene-un-ife-para-monotributistas-aseguran-que-casa-rosada-estudia-un-nuevo-bono.phtml\">Leer m\u00e1s<\/a><\/p>\n","protected":false},"excerpt":{"rendered":"<p>Una de las ideas del Gobierno para compensar los aumentos de precios es beneficiar a los trabajadores informales con los fondos que se recauden del eventual aporte anunciado por el ministro de Econom\u00eda Mart\u00edn Guzm\u00e1n. Leer m\u00e1s<\/p>\n","protected":false},"author":0,"featured_media":0,"comment_status":"","ping_status":"","sticky":false,"template":"","format":"standard","meta":{"footnotes":""},"categories":[1],"tags":[],"class_list":["post-12871","post","type-post","status-publish","format-standard","hentry","category-sin-categoria"],"_links":{"self":[{"href":"http:\/\/fmdelpueblo.ar\/index.php?rest_route=\/wp\/v2\/posts\/12871","targetHints":{"allow":["GET"]}}],"collection":[{"href":"http:\/\/fmdelpueblo.ar\/index.php?rest_route=\/wp\/v2\/posts"}],"about":[{"href":"http:\/\/fmdelpueblo.ar\/index.php?rest_route=\/wp\/v2\/types\/post"}],"replies":[{"embeddable":true,"href":"http:\/\/fmdelpueblo.ar\/index.php?rest_route=%2Fwp%2Fv2%2Fcomments&post=12871"}],"version-history":[{"count":0,"href":"http:\/\/fmdelpueblo.ar\/index.php?rest_route=\/wp\/v2\/posts\/12871\/revisions"}],"wp:attachment":[{"href":"http:\/\/fmdelpueblo.ar\/index.php?rest_route=%2Fwp%2Fv2%2Fmedia&parent=12871"}],"wp:term":[{"taxonomy":"category","embeddable":true,"href":"http:\/\/fmdelpueblo.ar\/index.php?rest_route=%2Fwp%2Fv2%2Fcategories&post=12871"},{"taxonomy":"post_tag","embeddable":true,"href":"http:\/\/fmdelpueblo.ar\/index.php?rest_route=%2Fwp%2Fv2%2Ftags&post=12871"}],"curies":[{"name":"wp","href":"https:\/\/api.w.org\/{rel}","templated":true}]}}