{"id":12869,"date":"2022-04-15T14:09:55","date_gmt":"2022-04-15T14:09:55","guid":{"rendered":"http:\/\/fmdelpueblo.ar\/?p=12869"},"modified":"2022-04-15T14:09:55","modified_gmt":"2022-04-15T14:09:55","slug":"javier-milei-contra-el-ministro-de-economia-guzman-es-un-incompetente-es-un-pelele","status":"publish","type":"post","link":"http:\/\/fmdelpueblo.ar\/?p=12869","title":{"rendered":"Javier Milei contra el ministro de Econom\u00eda: \u201cGuzm\u00e1n es un incompetente, es un pelele\u201d"},"content":{"rendered":"<\/p>\n<p>El economista adem\u00e1s se\u00f1al\u00f3 que el discurso de Cristina Kirchner empeora el panorama: \u201cSi ella le est\u00e1 torpedeando el poder pol\u00edtico a Alberto Fern\u00e1ndez es una situaci\u00f3n complicada\u201d, sostuvo. <a href=\"https:\/\/www.perfil.com\/noticias\/politica\/javier-milei-contra-el-ministro-de-economia-guzman-es-un-incompetente-es-un-pelele.phtml\">Leer m\u00e1s<\/a><\/p>\n","protected":false},"excerpt":{"rendered":"<p>El economista adem\u00e1s se\u00f1al\u00f3 que el discurso de Cristina Kirchner empeora el panorama: \u201cSi ella le est\u00e1 torpedeando el poder pol\u00edtico a Alberto Fern\u00e1ndez es una situaci\u00f3n complicada\u201d, sostuvo. Leer m\u00e1s<\/p>\n","protected":false},"author":0,"featured_media":0,"comment_status":"","ping_status":"","sticky":false,"template":"","format":"standard","meta":{"footnotes":""},"categories":[1],"tags":[],"class_list":["post-12869","post","type-post","status-publish","format-standard","hentry","category-sin-categoria"],"_links":{"self":[{"href":"http:\/\/fmdelpueblo.ar\/index.php?rest_route=\/wp\/v2\/posts\/12869","targetHints":{"allow":["GET"]}}],"collection":[{"href":"http:\/\/fmdelpueblo.ar\/index.php?rest_route=\/wp\/v2\/posts"}],"about":[{"href":"http:\/\/fmdelpueblo.ar\/index.php?rest_route=\/wp\/v2\/types\/post"}],"replies":[{"embeddable":true,"href":"http:\/\/fmdelpueblo.ar\/index.php?rest_route=%2Fwp%2Fv2%2Fcomments&post=12869"}],"version-history":[{"count":0,"href":"http:\/\/fmdelpueblo.ar\/index.php?rest_route=\/wp\/v2\/posts\/12869\/revisions"}],"wp:attachment":[{"href":"http:\/\/fmdelpueblo.ar\/index.php?rest_route=%2Fwp%2Fv2%2Fmedia&parent=12869"}],"wp:term":[{"taxonomy":"category","embeddable":true,"href":"http:\/\/fmdelpueblo.ar\/index.php?rest_route=%2Fwp%2Fv2%2Fcategories&post=12869"},{"taxonomy":"post_tag","embeddable":true,"href":"http:\/\/fmdelpueblo.ar\/index.php?rest_route=%2Fwp%2Fv2%2Ftags&post=12869"}],"curies":[{"name":"wp","href":"https:\/\/api.w.org\/{rel}","templated":true}]}}