{"id":12868,"date":"2022-04-15T14:09:55","date_gmt":"2022-04-15T14:09:55","guid":{"rendered":"http:\/\/fmdelpueblo.ar\/?p=12868"},"modified":"2022-04-15T14:09:55","modified_gmt":"2022-04-15T14:09:55","slug":"transportistas-acordaron-un-alza-del-20-de-la-tarifa-y-termino-el-paro","status":"publish","type":"post","link":"http:\/\/fmdelpueblo.ar\/?p=12868","title":{"rendered":"Transportistas acordaron un alza del 20% de la tarifa y termin\u00f3 el paro"},"content":{"rendered":"<\/p>\n<p>Luego de cuatro horas de negociaciones se logr\u00f3 la actualizaci\u00f3n de la tarifa nacional para el transporte de granos. De esta forma, se le puso fin a la medida de fuerza que comenz\u00f3 el lunes a la madrugada. <a href=\"https:\/\/www.perfil.com\/noticias\/economia\/transportistas-acordaron-un-alza-del-20-de-la-tarifa.phtml\">Leer m\u00e1s<\/a><\/p>\n","protected":false},"excerpt":{"rendered":"<p>Luego de cuatro horas de negociaciones se logr\u00f3 la actualizaci\u00f3n de la tarifa nacional para el transporte de granos. De esta forma, se le puso fin a la medida de fuerza que comenz\u00f3 el lunes a la madrugada. Leer m\u00e1s<\/p>\n","protected":false},"author":0,"featured_media":0,"comment_status":"","ping_status":"","sticky":false,"template":"","format":"standard","meta":{"footnotes":""},"categories":[1],"tags":[],"class_list":["post-12868","post","type-post","status-publish","format-standard","hentry","category-sin-categoria"],"_links":{"self":[{"href":"http:\/\/fmdelpueblo.ar\/index.php?rest_route=\/wp\/v2\/posts\/12868","targetHints":{"allow":["GET"]}}],"collection":[{"href":"http:\/\/fmdelpueblo.ar\/index.php?rest_route=\/wp\/v2\/posts"}],"about":[{"href":"http:\/\/fmdelpueblo.ar\/index.php?rest_route=\/wp\/v2\/types\/post"}],"replies":[{"embeddable":true,"href":"http:\/\/fmdelpueblo.ar\/index.php?rest_route=%2Fwp%2Fv2%2Fcomments&post=12868"}],"version-history":[{"count":0,"href":"http:\/\/fmdelpueblo.ar\/index.php?rest_route=\/wp\/v2\/posts\/12868\/revisions"}],"wp:attachment":[{"href":"http:\/\/fmdelpueblo.ar\/index.php?rest_route=%2Fwp%2Fv2%2Fmedia&parent=12868"}],"wp:term":[{"taxonomy":"category","embeddable":true,"href":"http:\/\/fmdelpueblo.ar\/index.php?rest_route=%2Fwp%2Fv2%2Fcategories&post=12868"},{"taxonomy":"post_tag","embeddable":true,"href":"http:\/\/fmdelpueblo.ar\/index.php?rest_route=%2Fwp%2Fv2%2Ftags&post=12868"}],"curies":[{"name":"wp","href":"https:\/\/api.w.org\/{rel}","templated":true}]}}