{"id":12860,"date":"2022-04-15T10:10:17","date_gmt":"2022-04-15T10:10:17","guid":{"rendered":"https:\/\/fmdelpueblo.ar\/?p=12860"},"modified":"2022-04-15T10:10:17","modified_gmt":"2022-04-15T10:10:17","slug":"todo-lo-que-se-sabe-sobre-el-caso-del-toto-salvio","status":"publish","type":"post","link":"http:\/\/fmdelpueblo.ar\/?p=12860","title":{"rendered":"Todo lo que se sabe sobre el caso del \u00abToto\u00bb Salvio"},"content":{"rendered":"<\/p>\n<p>Los incidentes estallaron luego de que Magal\u00ed Aravena viera en las redes im\u00e1genes del futbolista con su amante. Salvio es acusado de atropellar a Magal\u00ed y escapar del lugar. <a href=\"https:\/\/www.perfil.com\/noticias\/sociedad\/todo-lo-que-se-sabe-caso-toto-salvio.phtml\">Leer m\u00e1s<\/a><\/p>\n","protected":false},"excerpt":{"rendered":"<p>Los incidentes estallaron luego de que Magal\u00ed Aravena viera en las redes im\u00e1genes del futbolista con su amante. Salvio es acusado de atropellar a Magal\u00ed y escapar del lugar. Leer m\u00e1s<\/p>\n","protected":false},"author":0,"featured_media":0,"comment_status":"","ping_status":"","sticky":false,"template":"","format":"standard","meta":{"footnotes":""},"categories":[1],"tags":[],"class_list":["post-12860","post","type-post","status-publish","format-standard","hentry","category-sin-categoria"],"_links":{"self":[{"href":"http:\/\/fmdelpueblo.ar\/index.php?rest_route=\/wp\/v2\/posts\/12860","targetHints":{"allow":["GET"]}}],"collection":[{"href":"http:\/\/fmdelpueblo.ar\/index.php?rest_route=\/wp\/v2\/posts"}],"about":[{"href":"http:\/\/fmdelpueblo.ar\/index.php?rest_route=\/wp\/v2\/types\/post"}],"replies":[{"embeddable":true,"href":"http:\/\/fmdelpueblo.ar\/index.php?rest_route=%2Fwp%2Fv2%2Fcomments&post=12860"}],"version-history":[{"count":0,"href":"http:\/\/fmdelpueblo.ar\/index.php?rest_route=\/wp\/v2\/posts\/12860\/revisions"}],"wp:attachment":[{"href":"http:\/\/fmdelpueblo.ar\/index.php?rest_route=%2Fwp%2Fv2%2Fmedia&parent=12860"}],"wp:term":[{"taxonomy":"category","embeddable":true,"href":"http:\/\/fmdelpueblo.ar\/index.php?rest_route=%2Fwp%2Fv2%2Fcategories&post=12860"},{"taxonomy":"post_tag","embeddable":true,"href":"http:\/\/fmdelpueblo.ar\/index.php?rest_route=%2Fwp%2Fv2%2Ftags&post=12860"}],"curies":[{"name":"wp","href":"https:\/\/api.w.org\/{rel}","templated":true}]}}