{"id":127,"date":"2021-10-26T01:23:54","date_gmt":"2021-10-26T01:23:54","guid":{"rendered":"https:\/\/fmdelpueblo.ar\/?p=127"},"modified":"2021-10-26T01:23:54","modified_gmt":"2021-10-26T01:23:54","slug":"vilma-ibarra-se-accidento-en-bicicleta-y-debera-ser-operada","status":"publish","type":"post","link":"http:\/\/fmdelpueblo.ar\/?p=127","title":{"rendered":"Vilma Ibarra se accident\u00f3 en bicicleta y deber\u00e1 ser operada"},"content":{"rendered":"<\/p>\n<p>La Secretaria de Legal y T\u00e9cnica se fractur\u00f3 el radio del brazo derecho y tuvo un traumatismo en la pierna derecha. <a href=\"https:\/\/www.perfil.com\/noticias\/politica\/vilma-ibarra-se-accidento-en-bicicleta-y-debera-ser-operada.phtml\">Leer m\u00e1s<\/a><\/p>\n","protected":false},"excerpt":{"rendered":"<p>La Secretaria de Legal y T\u00e9cnica se fractur\u00f3 el radio del brazo derecho y tuvo un traumatismo en la pierna derecha. Leer m\u00e1s<\/p>\n","protected":false},"author":0,"featured_media":0,"comment_status":"","ping_status":"","sticky":false,"template":"","format":"standard","meta":{"footnotes":""},"categories":[1],"tags":[],"class_list":["post-127","post","type-post","status-publish","format-standard","hentry","category-sin-categoria"],"_links":{"self":[{"href":"http:\/\/fmdelpueblo.ar\/index.php?rest_route=\/wp\/v2\/posts\/127","targetHints":{"allow":["GET"]}}],"collection":[{"href":"http:\/\/fmdelpueblo.ar\/index.php?rest_route=\/wp\/v2\/posts"}],"about":[{"href":"http:\/\/fmdelpueblo.ar\/index.php?rest_route=\/wp\/v2\/types\/post"}],"replies":[{"embeddable":true,"href":"http:\/\/fmdelpueblo.ar\/index.php?rest_route=%2Fwp%2Fv2%2Fcomments&post=127"}],"version-history":[{"count":0,"href":"http:\/\/fmdelpueblo.ar\/index.php?rest_route=\/wp\/v2\/posts\/127\/revisions"}],"wp:attachment":[{"href":"http:\/\/fmdelpueblo.ar\/index.php?rest_route=%2Fwp%2Fv2%2Fmedia&parent=127"}],"wp:term":[{"taxonomy":"category","embeddable":true,"href":"http:\/\/fmdelpueblo.ar\/index.php?rest_route=%2Fwp%2Fv2%2Fcategories&post=127"},{"taxonomy":"post_tag","embeddable":true,"href":"http:\/\/fmdelpueblo.ar\/index.php?rest_route=%2Fwp%2Fv2%2Ftags&post=127"}],"curies":[{"name":"wp","href":"https:\/\/api.w.org\/{rel}","templated":true}]}}