{"id":12669,"date":"2022-04-12T20:09:14","date_gmt":"2022-04-12T20:09:14","guid":{"rendered":"https:\/\/fmdelpueblo.ar\/?p=12669"},"modified":"2022-04-12T20:09:14","modified_gmt":"2022-04-12T20:09:14","slug":"gaby-alvarez-cumplio-anos-la-movida-de-punta-del-este-se-mudo-a-miami","status":"publish","type":"post","link":"http:\/\/fmdelpueblo.ar\/?p=12669","title":{"rendered":"Gaby \u00c1lvarez cumpli\u00f3 a\u00f1os: la movida de Punta del Este se mud\u00f3 a Miami"},"content":{"rendered":"<\/p>\n<p>El relacionista festej\u00f3 su cumplea\u00f1os rodeado de personajes del espect\u00e1culo, el cine, el Polo y empresarios. Jordan Bedford -el lobo de Wall Street-, Alan Faena, Concepci\u00f3n Cochrane Blaquier y David Nalbandian entre otros invitados. <a href=\"https:\/\/www.perfil.com\/noticias\/protagonistas\/gaby-alvarez-cumplio-anos-la-movida-de-punta-en-miami.phtml\">Leer m\u00e1s<\/a><\/p>\n","protected":false},"excerpt":{"rendered":"<p>El relacionista festej\u00f3 su cumplea\u00f1os rodeado de personajes del espect\u00e1culo, el cine, el Polo y empresarios. Jordan Bedford -el lobo de Wall Street-, Alan Faena, Concepci\u00f3n Cochrane Blaquier y David Nalbandian entre otros invitados. Leer m\u00e1s<\/p>\n","protected":false},"author":0,"featured_media":0,"comment_status":"","ping_status":"","sticky":false,"template":"","format":"standard","meta":{"footnotes":""},"categories":[1],"tags":[],"class_list":["post-12669","post","type-post","status-publish","format-standard","hentry","category-sin-categoria"],"_links":{"self":[{"href":"http:\/\/fmdelpueblo.ar\/index.php?rest_route=\/wp\/v2\/posts\/12669","targetHints":{"allow":["GET"]}}],"collection":[{"href":"http:\/\/fmdelpueblo.ar\/index.php?rest_route=\/wp\/v2\/posts"}],"about":[{"href":"http:\/\/fmdelpueblo.ar\/index.php?rest_route=\/wp\/v2\/types\/post"}],"replies":[{"embeddable":true,"href":"http:\/\/fmdelpueblo.ar\/index.php?rest_route=%2Fwp%2Fv2%2Fcomments&post=12669"}],"version-history":[{"count":0,"href":"http:\/\/fmdelpueblo.ar\/index.php?rest_route=\/wp\/v2\/posts\/12669\/revisions"}],"wp:attachment":[{"href":"http:\/\/fmdelpueblo.ar\/index.php?rest_route=%2Fwp%2Fv2%2Fmedia&parent=12669"}],"wp:term":[{"taxonomy":"category","embeddable":true,"href":"http:\/\/fmdelpueblo.ar\/index.php?rest_route=%2Fwp%2Fv2%2Fcategories&post=12669"},{"taxonomy":"post_tag","embeddable":true,"href":"http:\/\/fmdelpueblo.ar\/index.php?rest_route=%2Fwp%2Fv2%2Ftags&post=12669"}],"curies":[{"name":"wp","href":"https:\/\/api.w.org\/{rel}","templated":true}]}}