{"id":12668,"date":"2022-04-12T20:09:13","date_gmt":"2022-04-12T20:09:13","guid":{"rendered":"https:\/\/fmdelpueblo.ar\/?p=12668"},"modified":"2022-04-12T20:09:13","modified_gmt":"2022-04-12T20:09:13","slug":"una-madre-demando-a-meta-y-snap-por-el-suicidio-de-su-hijo-adolescente","status":"publish","type":"post","link":"http:\/\/fmdelpueblo.ar\/?p=12668","title":{"rendered":"Una madre demand\u00f3 a Meta y Snap por el suicidio de su hijo adolescente"},"content":{"rendered":"<\/p>\n<p>Meta Platforms Inc y complemento inc. fueron demandados por el suicidio de un adolescente en el \u00faltimo esfuerzo de un grupo de defensa para responsabilizar a los gigantes por la adicci\u00f3n a sus plataformas. <a href=\"https:\/\/www.perfil.com\/noticias\/bloomberg\/bc-meta-snap-demandados-por-madre-de-adolescente-tras-su-suicidio.phtml\">Leer m\u00e1s<\/a><\/p>\n","protected":false},"excerpt":{"rendered":"<p>Meta Platforms Inc y complemento inc. fueron demandados por el suicidio de un adolescente en el \u00faltimo esfuerzo de un grupo de defensa para responsabilizar a los gigantes por la adicci\u00f3n a sus plataformas. Leer m\u00e1s<\/p>\n","protected":false},"author":0,"featured_media":0,"comment_status":"","ping_status":"","sticky":false,"template":"","format":"standard","meta":{"footnotes":""},"categories":[1],"tags":[],"class_list":["post-12668","post","type-post","status-publish","format-standard","hentry","category-sin-categoria"],"_links":{"self":[{"href":"http:\/\/fmdelpueblo.ar\/index.php?rest_route=\/wp\/v2\/posts\/12668","targetHints":{"allow":["GET"]}}],"collection":[{"href":"http:\/\/fmdelpueblo.ar\/index.php?rest_route=\/wp\/v2\/posts"}],"about":[{"href":"http:\/\/fmdelpueblo.ar\/index.php?rest_route=\/wp\/v2\/types\/post"}],"replies":[{"embeddable":true,"href":"http:\/\/fmdelpueblo.ar\/index.php?rest_route=%2Fwp%2Fv2%2Fcomments&post=12668"}],"version-history":[{"count":0,"href":"http:\/\/fmdelpueblo.ar\/index.php?rest_route=\/wp\/v2\/posts\/12668\/revisions"}],"wp:attachment":[{"href":"http:\/\/fmdelpueblo.ar\/index.php?rest_route=%2Fwp%2Fv2%2Fmedia&parent=12668"}],"wp:term":[{"taxonomy":"category","embeddable":true,"href":"http:\/\/fmdelpueblo.ar\/index.php?rest_route=%2Fwp%2Fv2%2Fcategories&post=12668"},{"taxonomy":"post_tag","embeddable":true,"href":"http:\/\/fmdelpueblo.ar\/index.php?rest_route=%2Fwp%2Fv2%2Ftags&post=12668"}],"curies":[{"name":"wp","href":"https:\/\/api.w.org\/{rel}","templated":true}]}}