{"id":12662,"date":"2022-04-12T19:12:40","date_gmt":"2022-04-12T19:12:40","guid":{"rendered":"https:\/\/fmdelpueblo.ar\/?p=12662"},"modified":"2022-04-12T19:12:40","modified_gmt":"2022-04-12T19:12:40","slug":"dia-del-helado-cuales-son-los-gustos-preferidos-por-los-argentinos","status":"publish","type":"post","link":"http:\/\/fmdelpueblo.ar\/?p=12662","title":{"rendered":"D\u00eda del Helado: cu\u00e1les son los gustos preferidos por los argentinos"},"content":{"rendered":"<\/p>\n<p>En promedio, los argentinos consumen casi 7 kilos de helado per capita por a\u00f1o. La Asociaci\u00f3n Fabricantes Artesanales de Helados y Afines (AFADHYA) dio a conocer una encuesta sobre las preferencias. <a href=\"https:\/\/www.perfil.com\/noticias\/economia\/dia-del-helado-cuales-son-los-gustos-preferidos-por-los-argentinos.phtml\">Leer m\u00e1s<\/a><\/p>\n","protected":false},"excerpt":{"rendered":"<p>En promedio, los argentinos consumen casi 7 kilos de helado per capita por a\u00f1o. La Asociaci\u00f3n Fabricantes Artesanales de Helados y Afines (AFADHYA) dio a conocer una encuesta sobre las preferencias. Leer m\u00e1s<\/p>\n","protected":false},"author":0,"featured_media":0,"comment_status":"","ping_status":"","sticky":false,"template":"","format":"standard","meta":{"footnotes":""},"categories":[1],"tags":[],"class_list":["post-12662","post","type-post","status-publish","format-standard","hentry","category-sin-categoria"],"_links":{"self":[{"href":"http:\/\/fmdelpueblo.ar\/index.php?rest_route=\/wp\/v2\/posts\/12662","targetHints":{"allow":["GET"]}}],"collection":[{"href":"http:\/\/fmdelpueblo.ar\/index.php?rest_route=\/wp\/v2\/posts"}],"about":[{"href":"http:\/\/fmdelpueblo.ar\/index.php?rest_route=\/wp\/v2\/types\/post"}],"replies":[{"embeddable":true,"href":"http:\/\/fmdelpueblo.ar\/index.php?rest_route=%2Fwp%2Fv2%2Fcomments&post=12662"}],"version-history":[{"count":0,"href":"http:\/\/fmdelpueblo.ar\/index.php?rest_route=\/wp\/v2\/posts\/12662\/revisions"}],"wp:attachment":[{"href":"http:\/\/fmdelpueblo.ar\/index.php?rest_route=%2Fwp%2Fv2%2Fmedia&parent=12662"}],"wp:term":[{"taxonomy":"category","embeddable":true,"href":"http:\/\/fmdelpueblo.ar\/index.php?rest_route=%2Fwp%2Fv2%2Fcategories&post=12662"},{"taxonomy":"post_tag","embeddable":true,"href":"http:\/\/fmdelpueblo.ar\/index.php?rest_route=%2Fwp%2Fv2%2Ftags&post=12662"}],"curies":[{"name":"wp","href":"https:\/\/api.w.org\/{rel}","templated":true}]}}