{"id":12657,"date":"2022-04-12T18:11:28","date_gmt":"2022-04-12T18:11:28","guid":{"rendered":"https:\/\/fmdelpueblo.ar\/?p=12657"},"modified":"2022-04-12T18:11:28","modified_gmt":"2022-04-12T18:11:28","slug":"martes-de-cortes-taxistas-reclaman-contra-aplicaciones-de-viajes-y-organizaciones-realizan-un-feriazo","status":"publish","type":"post","link":"http:\/\/fmdelpueblo.ar\/?p=12657","title":{"rendered":"Martes de cortes: taxistas reclaman contra aplicaciones de viajes y organizaciones realizan un \u00abferiazo\u00bb"},"content":{"rendered":"<\/p>\n<p>Desde el sindicato indicaron que la medida es \u00aben rechazo al transporte ilegal de las empresas de transporte por internet y las Apps ilegales como Uber\u00bb. Otras organizaciones se movilizar\u00e1n a Plaza de Mayo contra la inflaci\u00f3n. <a href=\"https:\/\/www.perfil.com\/noticias\/sociedad\/martes-de-cortes-taxistas-reclaman-contra-aplicaciones-de-viajes-y-organizaciones-realizan-un-feriazo.phtml\">Leer m\u00e1s<\/a><\/p>\n","protected":false},"excerpt":{"rendered":"<p>Desde el sindicato indicaron que la medida es \u00aben rechazo al transporte ilegal de las empresas de transporte por internet y las Apps ilegales como Uber\u00bb. Otras organizaciones se movilizar\u00e1n a Plaza de Mayo contra la inflaci\u00f3n. Leer m\u00e1s<\/p>\n","protected":false},"author":0,"featured_media":0,"comment_status":"","ping_status":"","sticky":false,"template":"","format":"standard","meta":{"footnotes":""},"categories":[1],"tags":[],"class_list":["post-12657","post","type-post","status-publish","format-standard","hentry","category-sin-categoria"],"_links":{"self":[{"href":"http:\/\/fmdelpueblo.ar\/index.php?rest_route=\/wp\/v2\/posts\/12657","targetHints":{"allow":["GET"]}}],"collection":[{"href":"http:\/\/fmdelpueblo.ar\/index.php?rest_route=\/wp\/v2\/posts"}],"about":[{"href":"http:\/\/fmdelpueblo.ar\/index.php?rest_route=\/wp\/v2\/types\/post"}],"replies":[{"embeddable":true,"href":"http:\/\/fmdelpueblo.ar\/index.php?rest_route=%2Fwp%2Fv2%2Fcomments&post=12657"}],"version-history":[{"count":0,"href":"http:\/\/fmdelpueblo.ar\/index.php?rest_route=\/wp\/v2\/posts\/12657\/revisions"}],"wp:attachment":[{"href":"http:\/\/fmdelpueblo.ar\/index.php?rest_route=%2Fwp%2Fv2%2Fmedia&parent=12657"}],"wp:term":[{"taxonomy":"category","embeddable":true,"href":"http:\/\/fmdelpueblo.ar\/index.php?rest_route=%2Fwp%2Fv2%2Fcategories&post=12657"},{"taxonomy":"post_tag","embeddable":true,"href":"http:\/\/fmdelpueblo.ar\/index.php?rest_route=%2Fwp%2Fv2%2Ftags&post=12657"}],"curies":[{"name":"wp","href":"https:\/\/api.w.org\/{rel}","templated":true}]}}