{"id":12653,"date":"2022-04-12T17:09:21","date_gmt":"2022-04-12T17:09:21","guid":{"rendered":"https:\/\/fmdelpueblo.ar\/?p=12653"},"modified":"2022-04-12T17:09:21","modified_gmt":"2022-04-12T17:09:21","slug":"comercio-interior-convoco-a-los-mayoristas-para-controlar-los-precios-acordados","status":"publish","type":"post","link":"http:\/\/fmdelpueblo.ar\/?p=12653","title":{"rendered":"Comercio Interior convoc\u00f3 a los mayoristas para controlar los precios acordados"},"content":{"rendered":"<\/p>\n<p>La secretaria a cargo e Roberto Feletti busca verificar que los sesenta productos del lista de la canasta est\u00e9n disponibles y llegue a las g\u00f3ndolas de los almacenes y comercios de proximidad.<br \/>\n <a href=\"https:\/\/www.perfil.com\/noticias\/economia\/comercio-interior-convoco-a-los-mayoristas-para-controlar-los-precios-acordados.phtml\">Leer m\u00e1s<\/a><\/p>\n","protected":false},"excerpt":{"rendered":"<p>La secretaria a cargo e Roberto Feletti busca verificar que los sesenta productos del lista de la canasta est\u00e9n disponibles y llegue a las g\u00f3ndolas de los almacenes y comercios de proximidad. Leer m\u00e1s<\/p>\n","protected":false},"author":0,"featured_media":0,"comment_status":"","ping_status":"","sticky":false,"template":"","format":"standard","meta":{"footnotes":""},"categories":[1],"tags":[],"class_list":["post-12653","post","type-post","status-publish","format-standard","hentry","category-sin-categoria"],"_links":{"self":[{"href":"http:\/\/fmdelpueblo.ar\/index.php?rest_route=\/wp\/v2\/posts\/12653","targetHints":{"allow":["GET"]}}],"collection":[{"href":"http:\/\/fmdelpueblo.ar\/index.php?rest_route=\/wp\/v2\/posts"}],"about":[{"href":"http:\/\/fmdelpueblo.ar\/index.php?rest_route=\/wp\/v2\/types\/post"}],"replies":[{"embeddable":true,"href":"http:\/\/fmdelpueblo.ar\/index.php?rest_route=%2Fwp%2Fv2%2Fcomments&post=12653"}],"version-history":[{"count":0,"href":"http:\/\/fmdelpueblo.ar\/index.php?rest_route=\/wp\/v2\/posts\/12653\/revisions"}],"wp:attachment":[{"href":"http:\/\/fmdelpueblo.ar\/index.php?rest_route=%2Fwp%2Fv2%2Fmedia&parent=12653"}],"wp:term":[{"taxonomy":"category","embeddable":true,"href":"http:\/\/fmdelpueblo.ar\/index.php?rest_route=%2Fwp%2Fv2%2Fcategories&post=12653"},{"taxonomy":"post_tag","embeddable":true,"href":"http:\/\/fmdelpueblo.ar\/index.php?rest_route=%2Fwp%2Fv2%2Ftags&post=12653"}],"curies":[{"name":"wp","href":"https:\/\/api.w.org\/{rel}","templated":true}]}}