{"id":12651,"date":"2022-04-12T17:09:21","date_gmt":"2022-04-12T17:09:21","guid":{"rendered":"https:\/\/fmdelpueblo.ar\/?p=12651"},"modified":"2022-04-12T17:09:21","modified_gmt":"2022-04-12T17:09:21","slug":"e-commerce-el-44-de-los-emprendedores-digitales-contrata-entre-dos-y-cinco-personas","status":"publish","type":"post","link":"http:\/\/fmdelpueblo.ar\/?p=12651","title":{"rendered":"E-commerce: el 44% de los emprendedores digitales contrata entre dos y cinco personas"},"content":{"rendered":"<\/p>\n<p>Un informe privado se\u00f1ala c\u00f3mo el comercio electr\u00f3nico est\u00e1 trayendo consigo grandes oportunidades de generaci\u00f3n de empleo y fuentes de ingresos alternativas para los argentinos.<br \/>\n <a href=\"https:\/\/www.perfil.com\/noticias\/economia\/e-commerce-el-44-de-los-emprendedores-contrata-entre-2-y-5-personas.phtml\">Leer m\u00e1s<\/a><\/p>\n","protected":false},"excerpt":{"rendered":"<p>Un informe privado se\u00f1ala c\u00f3mo el comercio electr\u00f3nico est\u00e1 trayendo consigo grandes oportunidades de generaci\u00f3n de empleo y fuentes de ingresos alternativas para los argentinos. Leer m\u00e1s<\/p>\n","protected":false},"author":0,"featured_media":0,"comment_status":"","ping_status":"","sticky":false,"template":"","format":"standard","meta":{"footnotes":""},"categories":[1],"tags":[],"class_list":["post-12651","post","type-post","status-publish","format-standard","hentry","category-sin-categoria"],"_links":{"self":[{"href":"http:\/\/fmdelpueblo.ar\/index.php?rest_route=\/wp\/v2\/posts\/12651","targetHints":{"allow":["GET"]}}],"collection":[{"href":"http:\/\/fmdelpueblo.ar\/index.php?rest_route=\/wp\/v2\/posts"}],"about":[{"href":"http:\/\/fmdelpueblo.ar\/index.php?rest_route=\/wp\/v2\/types\/post"}],"replies":[{"embeddable":true,"href":"http:\/\/fmdelpueblo.ar\/index.php?rest_route=%2Fwp%2Fv2%2Fcomments&post=12651"}],"version-history":[{"count":0,"href":"http:\/\/fmdelpueblo.ar\/index.php?rest_route=\/wp\/v2\/posts\/12651\/revisions"}],"wp:attachment":[{"href":"http:\/\/fmdelpueblo.ar\/index.php?rest_route=%2Fwp%2Fv2%2Fmedia&parent=12651"}],"wp:term":[{"taxonomy":"category","embeddable":true,"href":"http:\/\/fmdelpueblo.ar\/index.php?rest_route=%2Fwp%2Fv2%2Fcategories&post=12651"},{"taxonomy":"post_tag","embeddable":true,"href":"http:\/\/fmdelpueblo.ar\/index.php?rest_route=%2Fwp%2Fv2%2Ftags&post=12651"}],"curies":[{"name":"wp","href":"https:\/\/api.w.org\/{rel}","templated":true}]}}