{"id":12648,"date":"2022-04-12T17:09:21","date_gmt":"2022-04-12T17:09:21","guid":{"rendered":"https:\/\/fmdelpueblo.ar\/?p=12648"},"modified":"2022-04-12T17:09:21","modified_gmt":"2022-04-12T17:09:21","slug":"replica-de-cerruti-a-una-entrevista-de-fontevecchia","status":"publish","type":"post","link":"http:\/\/fmdelpueblo.ar\/?p=12648","title":{"rendered":"R\u00e9plica de Cerruti a una entrevista de Fontevecchia"},"content":{"rendered":"<\/p>\n<p>La portavoz del Gobierno respondi\u00f3 al consultor pol\u00edtico Eduardo Reina, entrevistado ayer en Radio Perfil, quien asegur\u00f3 que la periodista no ten\u00eda llegada a las principales fuentes de Casa de Gobierno. <a href=\"https:\/\/www.perfil.com\/noticias\/modo-fontevecchia\/gabriela-cerruti-tengo-una-excelente-relacion-con-maximo-y-cristina-modof.phtml\">Leer m\u00e1s<\/a><\/p>\n","protected":false},"excerpt":{"rendered":"<p>La portavoz del Gobierno respondi\u00f3 al consultor pol\u00edtico Eduardo Reina, entrevistado ayer en Radio Perfil, quien asegur\u00f3 que la periodista no ten\u00eda llegada a las principales fuentes de Casa de Gobierno. Leer m\u00e1s<\/p>\n","protected":false},"author":0,"featured_media":0,"comment_status":"","ping_status":"","sticky":false,"template":"","format":"standard","meta":{"footnotes":""},"categories":[1],"tags":[],"class_list":["post-12648","post","type-post","status-publish","format-standard","hentry","category-sin-categoria"],"_links":{"self":[{"href":"http:\/\/fmdelpueblo.ar\/index.php?rest_route=\/wp\/v2\/posts\/12648","targetHints":{"allow":["GET"]}}],"collection":[{"href":"http:\/\/fmdelpueblo.ar\/index.php?rest_route=\/wp\/v2\/posts"}],"about":[{"href":"http:\/\/fmdelpueblo.ar\/index.php?rest_route=\/wp\/v2\/types\/post"}],"replies":[{"embeddable":true,"href":"http:\/\/fmdelpueblo.ar\/index.php?rest_route=%2Fwp%2Fv2%2Fcomments&post=12648"}],"version-history":[{"count":0,"href":"http:\/\/fmdelpueblo.ar\/index.php?rest_route=\/wp\/v2\/posts\/12648\/revisions"}],"wp:attachment":[{"href":"http:\/\/fmdelpueblo.ar\/index.php?rest_route=%2Fwp%2Fv2%2Fmedia&parent=12648"}],"wp:term":[{"taxonomy":"category","embeddable":true,"href":"http:\/\/fmdelpueblo.ar\/index.php?rest_route=%2Fwp%2Fv2%2Fcategories&post=12648"},{"taxonomy":"post_tag","embeddable":true,"href":"http:\/\/fmdelpueblo.ar\/index.php?rest_route=%2Fwp%2Fv2%2Ftags&post=12648"}],"curies":[{"name":"wp","href":"https:\/\/api.w.org\/{rel}","templated":true}]}}