{"id":12646,"date":"2022-04-12T16:13:25","date_gmt":"2022-04-12T16:13:25","guid":{"rendered":"https:\/\/fmdelpueblo.ar\/?p=12646"},"modified":"2022-04-12T16:13:25","modified_gmt":"2022-04-12T16:13:25","slug":"mariano-de-miguel-todo-esto-ano-hay-que-olvidarse-de-inflaciones-en-niveles-bajos","status":"publish","type":"post","link":"http:\/\/fmdelpueblo.ar\/?p=12646","title":{"rendered":"Mariano de Miguel: \u201cTodo esto a\u00f1o hay que olvidarse de inflaciones en niveles bajos\u201d"},"content":{"rendered":"<\/p>\n<p>El economista analiz\u00f3 el panorama a corto plazo y qu\u00e9 efectos podr\u00edan tener, en el bolsillo, las pol\u00edticas actuales. Adem\u00e1s, explic\u00f3 que si el Gobierno no logra controlar el tipo de cambio, la inflaci\u00f3n \u201cno se va a moderar\u201d. Escuch\u00e1 el audio completo.  <a href=\"https:\/\/www.perfil.com\/noticias\/modo-fontevecchia\/mariano-de-miguel-todo-este-a%C3%B1o-hay-que-olvidarse-de-inlfaciones-en-niveles-bajos-modof.phtml\">Leer m\u00e1s<\/a><\/p>\n","protected":false},"excerpt":{"rendered":"<p>El economista analiz\u00f3 el panorama a corto plazo y qu\u00e9 efectos podr\u00edan tener, en el bolsillo, las pol\u00edticas actuales. Adem\u00e1s, explic\u00f3 que si el Gobierno no logra controlar el tipo de cambio, la inflaci\u00f3n \u201cno se va a moderar\u201d. Escuch\u00e1 el audio completo. Leer m\u00e1s<\/p>\n","protected":false},"author":0,"featured_media":0,"comment_status":"","ping_status":"","sticky":false,"template":"","format":"standard","meta":{"footnotes":""},"categories":[1],"tags":[],"class_list":["post-12646","post","type-post","status-publish","format-standard","hentry","category-sin-categoria"],"_links":{"self":[{"href":"http:\/\/fmdelpueblo.ar\/index.php?rest_route=\/wp\/v2\/posts\/12646","targetHints":{"allow":["GET"]}}],"collection":[{"href":"http:\/\/fmdelpueblo.ar\/index.php?rest_route=\/wp\/v2\/posts"}],"about":[{"href":"http:\/\/fmdelpueblo.ar\/index.php?rest_route=\/wp\/v2\/types\/post"}],"replies":[{"embeddable":true,"href":"http:\/\/fmdelpueblo.ar\/index.php?rest_route=%2Fwp%2Fv2%2Fcomments&post=12646"}],"version-history":[{"count":0,"href":"http:\/\/fmdelpueblo.ar\/index.php?rest_route=\/wp\/v2\/posts\/12646\/revisions"}],"wp:attachment":[{"href":"http:\/\/fmdelpueblo.ar\/index.php?rest_route=%2Fwp%2Fv2%2Fmedia&parent=12646"}],"wp:term":[{"taxonomy":"category","embeddable":true,"href":"http:\/\/fmdelpueblo.ar\/index.php?rest_route=%2Fwp%2Fv2%2Fcategories&post=12646"},{"taxonomy":"post_tag","embeddable":true,"href":"http:\/\/fmdelpueblo.ar\/index.php?rest_route=%2Fwp%2Fv2%2Ftags&post=12646"}],"curies":[{"name":"wp","href":"https:\/\/api.w.org\/{rel}","templated":true}]}}