{"id":12645,"date":"2022-04-12T16:13:24","date_gmt":"2022-04-12T16:13:24","guid":{"rendered":"https:\/\/fmdelpueblo.ar\/?p=12645"},"modified":"2022-04-12T16:13:24","modified_gmt":"2022-04-12T16:13:24","slug":"angel-rozas-irnos-de-juntos-por-el-cambio-seria-un-suicidio","status":"publish","type":"post","link":"http:\/\/fmdelpueblo.ar\/?p=12645","title":{"rendered":"\u00c1ngel Rozas: \u00abIrnos de Juntos por el Cambio ser\u00eda un suicidio\u00bb"},"content":{"rendered":"<\/p>\n<p>El dirigente del radicalismo habl\u00f3 con\u00a0Jorge Fontevecchia\u00a0en Radio Perfil\u00a0acerca de la reuni\u00f3n en la casa de Juan Manuel Urtubey. Escuch\u00e1 la entrevista completa. <a href=\"https:\/\/www.perfil.com\/noticias\/modo-fontevecchia\/angel-rozas-irnos-de-juntos-por-el-cambio-seria-un-suicidio-modof.phtml\">Leer m\u00e1s<\/a><\/p>\n","protected":false},"excerpt":{"rendered":"<p>El dirigente del radicalismo habl\u00f3 con\u00a0Jorge Fontevecchia\u00a0en Radio Perfil\u00a0acerca de la reuni\u00f3n en la casa de Juan Manuel Urtubey. Escuch\u00e1 la entrevista completa. Leer m\u00e1s<\/p>\n","protected":false},"author":0,"featured_media":0,"comment_status":"","ping_status":"","sticky":false,"template":"","format":"standard","meta":{"footnotes":""},"categories":[1],"tags":[],"class_list":["post-12645","post","type-post","status-publish","format-standard","hentry","category-sin-categoria"],"_links":{"self":[{"href":"http:\/\/fmdelpueblo.ar\/index.php?rest_route=\/wp\/v2\/posts\/12645","targetHints":{"allow":["GET"]}}],"collection":[{"href":"http:\/\/fmdelpueblo.ar\/index.php?rest_route=\/wp\/v2\/posts"}],"about":[{"href":"http:\/\/fmdelpueblo.ar\/index.php?rest_route=\/wp\/v2\/types\/post"}],"replies":[{"embeddable":true,"href":"http:\/\/fmdelpueblo.ar\/index.php?rest_route=%2Fwp%2Fv2%2Fcomments&post=12645"}],"version-history":[{"count":0,"href":"http:\/\/fmdelpueblo.ar\/index.php?rest_route=\/wp\/v2\/posts\/12645\/revisions"}],"wp:attachment":[{"href":"http:\/\/fmdelpueblo.ar\/index.php?rest_route=%2Fwp%2Fv2%2Fmedia&parent=12645"}],"wp:term":[{"taxonomy":"category","embeddable":true,"href":"http:\/\/fmdelpueblo.ar\/index.php?rest_route=%2Fwp%2Fv2%2Fcategories&post=12645"},{"taxonomy":"post_tag","embeddable":true,"href":"http:\/\/fmdelpueblo.ar\/index.php?rest_route=%2Fwp%2Fv2%2Ftags&post=12645"}],"curies":[{"name":"wp","href":"https:\/\/api.w.org\/{rel}","templated":true}]}}