{"id":12640,"date":"2022-04-12T16:13:24","date_gmt":"2022-04-12T16:13:24","guid":{"rendered":"https:\/\/fmdelpueblo.ar\/?p=12640"},"modified":"2022-04-12T16:13:24","modified_gmt":"2022-04-12T16:13:24","slug":"por-que-las-empresas-odian-el-escandalo","status":"publish","type":"post","link":"http:\/\/fmdelpueblo.ar\/?p=12640","title":{"rendered":"Por qu\u00e9 las empresas odian el esc\u00e1ndalo"},"content":{"rendered":"<\/p>\n<p>Netflix cancela los proyectos que ten\u00eda con el actor Will Smith tras el cachetazo que le propin\u00f3 al conductor de los Oscars, Chris Rock.<br \/>\n <a href=\"https:\/\/www.perfil.com\/noticias\/modo-fontevecchia\/por-que-las-empresas-odian-el-escandalo-modof.phtml\">Leer m\u00e1s<\/a><\/p>\n","protected":false},"excerpt":{"rendered":"<p>Netflix cancela los proyectos que ten\u00eda con el actor Will Smith tras el cachetazo que le propin\u00f3 al conductor de los Oscars, Chris Rock. Leer m\u00e1s<\/p>\n","protected":false},"author":0,"featured_media":0,"comment_status":"","ping_status":"","sticky":false,"template":"","format":"standard","meta":{"footnotes":""},"categories":[1],"tags":[],"class_list":["post-12640","post","type-post","status-publish","format-standard","hentry","category-sin-categoria"],"_links":{"self":[{"href":"http:\/\/fmdelpueblo.ar\/index.php?rest_route=\/wp\/v2\/posts\/12640","targetHints":{"allow":["GET"]}}],"collection":[{"href":"http:\/\/fmdelpueblo.ar\/index.php?rest_route=\/wp\/v2\/posts"}],"about":[{"href":"http:\/\/fmdelpueblo.ar\/index.php?rest_route=\/wp\/v2\/types\/post"}],"replies":[{"embeddable":true,"href":"http:\/\/fmdelpueblo.ar\/index.php?rest_route=%2Fwp%2Fv2%2Fcomments&post=12640"}],"version-history":[{"count":0,"href":"http:\/\/fmdelpueblo.ar\/index.php?rest_route=\/wp\/v2\/posts\/12640\/revisions"}],"wp:attachment":[{"href":"http:\/\/fmdelpueblo.ar\/index.php?rest_route=%2Fwp%2Fv2%2Fmedia&parent=12640"}],"wp:term":[{"taxonomy":"category","embeddable":true,"href":"http:\/\/fmdelpueblo.ar\/index.php?rest_route=%2Fwp%2Fv2%2Fcategories&post=12640"},{"taxonomy":"post_tag","embeddable":true,"href":"http:\/\/fmdelpueblo.ar\/index.php?rest_route=%2Fwp%2Fv2%2Ftags&post=12640"}],"curies":[{"name":"wp","href":"https:\/\/api.w.org\/{rel}","templated":true}]}}