{"id":12639,"date":"2022-04-12T16:13:23","date_gmt":"2022-04-12T16:13:23","guid":{"rendered":"https:\/\/fmdelpueblo.ar\/?p=12639"},"modified":"2022-04-12T16:13:23","modified_gmt":"2022-04-12T16:13:23","slug":"el-boom-de-diario-de-una-temporada-en-el-quinto-piso","status":"publish","type":"post","link":"http:\/\/fmdelpueblo.ar\/?p=12639","title":{"rendered":"El boom de \u00abDiario de una temporada en el quinto piso\u00bb"},"content":{"rendered":"<\/p>\n<p>El libro que Cristina Kirchner le regal\u00f3 a Alberto Fern\u00e1ndez encabeza el ranking de ventas en la Argentina. <a href=\"https:\/\/www.perfil.com\/noticias\/modo-fontevecchia\/el-boom-de-diario-de-una-temporada-en-el-quinto-piso-modof.phtml\">Leer m\u00e1s<\/a><\/p>\n","protected":false},"excerpt":{"rendered":"<p>El libro que Cristina Kirchner le regal\u00f3 a Alberto Fern\u00e1ndez encabeza el ranking de ventas en la Argentina. Leer m\u00e1s<\/p>\n","protected":false},"author":0,"featured_media":0,"comment_status":"","ping_status":"","sticky":false,"template":"","format":"standard","meta":{"footnotes":""},"categories":[1],"tags":[],"class_list":["post-12639","post","type-post","status-publish","format-standard","hentry","category-sin-categoria"],"_links":{"self":[{"href":"http:\/\/fmdelpueblo.ar\/index.php?rest_route=\/wp\/v2\/posts\/12639","targetHints":{"allow":["GET"]}}],"collection":[{"href":"http:\/\/fmdelpueblo.ar\/index.php?rest_route=\/wp\/v2\/posts"}],"about":[{"href":"http:\/\/fmdelpueblo.ar\/index.php?rest_route=\/wp\/v2\/types\/post"}],"replies":[{"embeddable":true,"href":"http:\/\/fmdelpueblo.ar\/index.php?rest_route=%2Fwp%2Fv2%2Fcomments&post=12639"}],"version-history":[{"count":0,"href":"http:\/\/fmdelpueblo.ar\/index.php?rest_route=\/wp\/v2\/posts\/12639\/revisions"}],"wp:attachment":[{"href":"http:\/\/fmdelpueblo.ar\/index.php?rest_route=%2Fwp%2Fv2%2Fmedia&parent=12639"}],"wp:term":[{"taxonomy":"category","embeddable":true,"href":"http:\/\/fmdelpueblo.ar\/index.php?rest_route=%2Fwp%2Fv2%2Fcategories&post=12639"},{"taxonomy":"post_tag","embeddable":true,"href":"http:\/\/fmdelpueblo.ar\/index.php?rest_route=%2Fwp%2Fv2%2Ftags&post=12639"}],"curies":[{"name":"wp","href":"https:\/\/api.w.org\/{rel}","templated":true}]}}